{"id":17861,"date":"2002-08-14T10:53:00","date_gmt":"2002-08-14T10:53:00","guid":{"rendered":"https:\/\/875jahrekirchgoens.de\/?p=17861"},"modified":"2025-11-26T10:54:33","modified_gmt":"2025-11-26T10:54:33","slug":"beim-sommerfest","status":"publish","type":"post","link":"http:\/\/875jahrekirchgoens.de\/?p=17861","title":{"rendered":"Beim Sommerfest \u2026"},"content":{"rendered":"<div class=\"wp-block-image\">\n<figure class=\"aligncenter size-full\"><img loading=\"lazy\" decoding=\"async\" width=\"512\" height=\"369\" src=\"https:\/\/875jahrekirchgoens.de\/wp-content\/uploads\/2025\/11\/grafik-316.png\" alt=\"\" class=\"wp-image-17862\" srcset=\"http:\/\/875jahrekirchgoens.de\/wp-content\/uploads\/2025\/11\/grafik-316.png 512w, http:\/\/875jahrekirchgoens.de\/wp-content\/uploads\/2025\/11\/grafik-316-300x216.png 300w\" sizes=\"auto, (max-width: 512px) 100vw, 512px\" \/><\/figure><\/div>\n\n\n<p>\u2026 des Seniorenheims Rosengarten Dr. Pehlivan KG in Kirch-G\u00f6ns, Hauptstra\u00dfe 37, wurde am Freitagnachmittag ein buntes Programm geboten. So freuten sich u. a. die Heimbewohner wie auch die G\u00e4ste \u00fcber Darbietungen der Volkstanzgruppe des Heimat- und Backhausvereins Kirch-G\u00f6ns. F\u00fcr das leibliche wohl war ebenfalls bestens gesorgt. <\/p>\n\n\n\n<p>Quelle und Bild: Butzbacher Zeitung vom 14. August 2002<\/p>\n","protected":false},"excerpt":{"rendered":"<p>\u2026 des Seniorenheims Rosengarten Dr. Pehlivan KG in Kirch-G\u00f6ns, Hauptstra\u00dfe 37, wurde am Freitagnachmittag ein buntes Programm geboten. So freuten sich u. a. die Heimbewohner wie auch die G\u00e4ste \u00fcber Darbietungen der Volkstanzgruppe des Heimat- und Backhausvereins Kirch-G\u00f6ns. F\u00fcr das leibliche wohl war ebenfalls bestens gesorgt. Quelle und Bild: Butzbacher Zeitung vom 14. August 2002<\/p>\n","protected":false},"author":1,"featured_media":0,"comment_status":"closed","ping_status":"open","sticky":false,"template":"","format":"standard","meta":{"footnotes":""},"categories":[1],"tags":[],"class_list":["post-17861","post","type-post","status-publish","format-standard","hentry","category-infos"],"_links":{"self":[{"href":"http:\/\/875jahrekirchgoens.de\/index.php?rest_route=\/wp\/v2\/posts\/17861","targetHints":{"allow":["GET"]}}],"collection":[{"href":"http:\/\/875jahrekirchgoens.de\/index.php?rest_route=\/wp\/v2\/posts"}],"about":[{"href":"http:\/\/875jahrekirchgoens.de\/index.php?rest_route=\/wp\/v2\/types\/post"}],"author":[{"embeddable":true,"href":"http:\/\/875jahrekirchgoens.de\/index.php?rest_route=\/wp\/v2\/users\/1"}],"replies":[{"embeddable":true,"href":"http:\/\/875jahrekirchgoens.de\/index.php?rest_route=%2Fwp%2Fv2%2Fcomments&post=17861"}],"version-history":[{"count":1,"href":"http:\/\/875jahrekirchgoens.de\/index.php?rest_route=\/wp\/v2\/posts\/17861\/revisions"}],"predecessor-version":[{"id":17863,"href":"http:\/\/875jahrekirchgoens.de\/index.php?rest_route=\/wp\/v2\/posts\/17861\/revisions\/17863"}],"wp:attachment":[{"href":"http:\/\/875jahrekirchgoens.de\/index.php?rest_route=%2Fwp%2Fv2%2Fmedia&parent=17861"}],"wp:term":[{"taxonomy":"category","embeddable":true,"href":"http:\/\/875jahrekirchgoens.de\/index.php?rest_route=%2Fwp%2Fv2%2Fcategories&post=17861"},{"taxonomy":"post_tag","embeddable":true,"href":"http:\/\/875jahrekirchgoens.de\/index.php?rest_route=%2Fwp%2Fv2%2Ftags&post=17861"}],"curies":[{"name":"wp","href":"https:\/\/api.w.org\/{rel}","templated":true}]}}