{"id":17876,"date":"2002-09-19T11:04:00","date_gmt":"2002-09-19T11:04:00","guid":{"rendered":"https:\/\/875jahrekirchgoens.de\/?p=17876"},"modified":"2025-11-26T11:04:53","modified_gmt":"2025-11-26T11:04:53","slug":"pfarrer-wiilliam-thum-wurde-in-kirch-und-pohl-goens-begruesst","status":"publish","type":"post","link":"http:\/\/875jahrekirchgoens.de\/?p=17876","title":{"rendered":"Pfarrer Wiilliam Thum wurde in Kirch- und Pohl-G\u00f6ns begr\u00fc\u00dft"},"content":{"rendered":"\n<p>Die Evangelischen Kirchengemeinden Kirch-G\u00f6ns und Pohl-G\u00f6ns haben seit Sonntag nun offiziell wieder einen Pfarrer. In einem festlichen Gottesdienst nahm der Wetterauer Dekan J\u00f6rg-Michael Schl\u00f6sser die Einf\u00fchrung von William Thum vor. \u00dcber 400 Besucher dr\u00e4ngten sich in der Pfarrkirche in Pohl-G\u00f6ns, um bei der Amtseinf\u00fchrung mit dabei sein zu k\u00f6nnen. In seiner Ansprache bezeichnete Dekan Schl\u00f6sser den neuen Pfarrstelleninhaber als einen gestandenen und erfahrenen Gemeindepfarrer, der als Seelsorger, Lehrer und Prediger in der Gemeinde Christi lebe und arbeite. \u201eNehmen Sie es an!\u201c rief er den Kirch- und Pohl-G\u00f6nsern zu. Denn, so Schl\u00f6sser weiter, der christliche Glaube sei radikal \u2013 radikal im wahrsten Wortsinne, das hei\u00dfe, \u201ean die Wurzel gehend\u201c. Es m\u00fcsse sich immer wieder neu in den Gemeinden zeigen, dass die Macht des Todes eben nicht st\u00e4rker sei als die Liebe Gottes. Allen Menschen, so Schl\u00f6sser, k\u00f6nne niemand gerecht werden. \u201eSeien sie barmherzig \u2013 auch mit der Arbeitszeit Ihres neuen Pfarrers\u201c, die sich auch nicht auf 38 Stunden pro Tag ausweiten k\u00f6nne. F\u00fcr seine Aufgabe in den beiden Kirchengemeinden w\u00fcnschte Schl\u00f6sser seinen Kollegen, dass er die Gemeinde immer wieder neu zum Leben erwecken k\u00f6nnen. Und, das habe er in den vergangenen Monaten gesehen und erlebt, die Gemeinden seien ja durchaus lebendig. Er habe mit Freude festgestellt, dass trotz vieler Wechsel in der Pfarrstelle und viele Entt\u00e4uschungen noch immer so viel Aktivit\u00e4t in den Gemeinden vorherrsche. Das sei die Basis f\u00fcr eine vertrauensvolle Zusammenarbeit in der Zukunft. Von Vertrauen war auch in der Predigt von Pfarrer William Thum die Rede. \u201eWert euer Vertrauen nicht weg\u201c, so beginnt der Predigtext aus dem Hebr\u00e4er-Brief. Es sei heutzutage immer viel von Vertrauen zu h\u00f6ren, so Thum \u2013 von Vertrauen, das Menschen einander entgegenbringen, die miteinander in Gemeinschaft leben, aber auch von schwindendem Vertrauen in Politik und auch immer \u00f6fter in die Institution Kirche. Er habe aber in den ersten Wochen seiner Arbeit in den beiden Kirchengemeinden sehr viel Vertrauen und freundliches Entgegenkommen erfahren d\u00fcrfen. Dies sei ihm in den verschiedenen Arbeitsbereichen entgegengebracht worden \u2013 im Kirchenvorstand, im Kindergarten, bei den Konfirmanden, in Frauen- und Seniorenkreisen, in der Schule und im Altenpflegeheim. Das sei ihm sehr wichtig gewesen und er werde sich bem\u00fchen, dieses Vertrauen nicht zu entt\u00e4uschen. Aber, dass betonte Thum, allein k\u00f6nne er das nicht schaffen. Dazu brauchte er die Gemeinschaft und die Mithilfe der Menschen in der Gemeinde. Er wolle nicht, dass es ihm so ergehe, wie dem Artisten aus einer Erz\u00e4hlung, der in schwindelnder H\u00f6he seine Schubkarre \u00fcber ein d\u00fcnnes Stahlseil gezogen und die Begeisterung des Publikums empfangen habe. Als er dann aber einen der Besucher gebeten habe, heraufzukommen, sich in die Schubkarre zu setzen und sich von ihm wieder zur\u00fcckschieben zu lassen, da sei das Vertrauen pl\u00f6tzlich zu Ende gewesen. Nein, so Thum, Vertrauen brauche Gemeinschaft und Gemeinsamkeit, nur dann k\u00f6nne die Arbeit in den Kirchengemeinden gelingen. Musikalisch war der Gottesdienst vom Gesangverein \u201eLiederkranz\u201c aus Pohl-G\u00f6ns, den Kindergottesdienstkindern aus beiden Gemeinden sowie von Timo Ratz als Organisten umrahmt worden. Wie gro\u00df das Vertrauen der Kirch- und Pohl-G\u00f6nser in ihren neuen Gemeindepfarrer ist, zeigte sich auch beim anschlie\u00dfenden Empfang im benachbarten B\u00fcrgertreff, zu dem die meisten der Gottesdienstteilnehmer mitgekommen waren, um sich bei Kaffee und Kuchen zu st\u00e4rken. Viele der Besucher nahmen die Gelegenheit wahr, um in Gru\u00dfworten dem neuen Pfarrer alles Gute f\u00fcr seine Arbeit mit auf den Weg zu geben. Der Pr\u00e4ses des Evangelischen Dekanats Wetterau, Tobias Utter, z\u00e4hlte zu den ersten Gratulanten, nachdem zuvor die Kindergartenkinder dem neuen Pfarrer ein St\u00e4ndchen gebracht hatten und die Vorsitzende der Kirchenvorst\u00e4nde, Anita R\u00f6hrig und Bernhard Dern, ihre besten W\u00fcnsche \u00fcberbracht hatten. Ihm schlossen sich Gl\u00fcckw\u00fcnsche durch Pfarrerin und Pfarrer der umliegenden Gemeinden an. Weiterhin w\u00fcnschten die Gemeindegruppen aus Kirch- und Pohl-G\u00f6ns alles Gute f\u00fcr die weitere und k\u00fcnftige Zusammenarbeit. Gretel Stehr brachte es am besten auf den Punkt, als sie von einem Netz als Symbol der Gemeinschaft sprach, das immer wieder neu auszubessern und zu pflegen sei, damit es immer gute Dienste leisten k\u00f6nne. Neben den Vertretern der Ortsbeir\u00e4te, Peter Braasch und Gerlinde Bauer, \u00fcbermittelte auch Stadtrat Gerhard Langsdorf im Auftrag von B\u00fcrgermeister Oswin Veith die besten W\u00fcnsche seitens der politischen Gemeinden. Auch Norbert Kartmann, CDU-Fraktionschef im Hessischen Landtag, steuerte einige begr\u00fc\u00dfende Worte bei. Allerdings, wie er selber sagte, nicht als Politiker, sondern eher ganz privat als Nieder-Weiseler. Er betonte die Bedeutung von Kirch-\/Pohl-G\u00f6ns f\u00fcr das Evangelische Dekanat, das ja nun aus drei S\u00e4ulen \u2013 Kirch-G\u00f6ns im Norden mit der S\u00e4ule William Thum, der s\u00fcdlichste Punkt des Dekanats mit Pr\u00e4ses Tobias Utter und \u201emittendrin Dekan Schl\u00f6sser in Bad Nauheim\u201c. Daf\u00fcr bezeugte ihm Pfarrer Thum, dass seine Worte \u201ewie \u00fcblich wohl gesetzt\u201c und wesentlich unterhaltsamer gewesen seien als so manche Rede im Landtag. Die Bedeutung der Ortsvereine im Leben der Kirch- und Pohl-G\u00f6nser stellte Elke Binzer in ihrem Gru\u00dfwort heraus und auch die weiteren Gratulanten zeigten, dass William Thum als neuer Pfarrer in den beiden D\u00f6rfern herzlich willkommen ist und einer guten Zusammenarbeit entgegenblicken kann.<\/p>\n\n\n<div class=\"wp-block-image\">\n<figure class=\"aligncenter size-full\"><img loading=\"lazy\" decoding=\"async\" width=\"512\" height=\"358\" src=\"https:\/\/875jahrekirchgoens.de\/wp-content\/uploads\/2025\/11\/grafik-319.png\" alt=\"\" class=\"wp-image-17877\" srcset=\"http:\/\/875jahrekirchgoens.de\/wp-content\/uploads\/2025\/11\/grafik-319.png 512w, http:\/\/875jahrekirchgoens.de\/wp-content\/uploads\/2025\/11\/grafik-319-300x210.png 300w\" sizes=\"auto, (max-width: 512px) 100vw, 512px\" \/><\/figure><\/div>\n\n\n<p>Amtseinf\u00fchrung von Pfarrer William Thum (r.) durch den Dekan des Evangelischen Dekanats Wetterau, Pfarrer J\u00f6rg-Michael Schl\u00f6sser (l.) zusammen mit den Vorsitzenden der Kirchenvorst\u00e4nde in Kirch-G\u00f6ns (Anita R\u00f6hrig) und Pohl-G\u00f6ns (Bernhard Dern).<\/p>\n\n\n\n<p>Quelle und Bild: Butzbacher Zeitung vom 19. September 2002<\/p>\n","protected":false},"excerpt":{"rendered":"<p>Die Evangelischen Kirchengemeinden Kirch-G\u00f6ns und Pohl-G\u00f6ns haben seit Sonntag nun offiziell wieder einen Pfarrer. In einem festlichen Gottesdienst nahm der Wetterauer Dekan J\u00f6rg-Michael Schl\u00f6sser die Einf\u00fchrung von William Thum vor. \u00dcber 400 Besucher dr\u00e4ngten sich in der Pfarrkirche in Pohl-G\u00f6ns, um bei der Amtseinf\u00fchrung mit dabei sein zu k\u00f6nnen. In seiner Ansprache bezeichnete Dekan Schl\u00f6sser &#8230; <a title=\"Pfarrer Wiilliam Thum wurde in Kirch- und Pohl-G\u00f6ns begr\u00fc\u00dft\" class=\"read-more\" href=\"http:\/\/875jahrekirchgoens.de\/?p=17876\" aria-label=\"Mehr Informationen \u00fcber Pfarrer Wiilliam Thum wurde in Kirch- und Pohl-G\u00f6ns begr\u00fc\u00dft\">Weiterlesen<\/a><\/p>\n","protected":false},"author":1,"featured_media":0,"comment_status":"closed","ping_status":"open","sticky":false,"template":"","format":"standard","meta":{"footnotes":""},"categories":[1],"tags":[],"class_list":["post-17876","post","type-post","status-publish","format-standard","hentry","category-infos"],"_links":{"self":[{"href":"http:\/\/875jahrekirchgoens.de\/index.php?rest_route=\/wp\/v2\/posts\/17876","targetHints":{"allow":["GET"]}}],"collection":[{"href":"http:\/\/875jahrekirchgoens.de\/index.php?rest_route=\/wp\/v2\/posts"}],"about":[{"href":"http:\/\/875jahrekirchgoens.de\/index.php?rest_route=\/wp\/v2\/types\/post"}],"author":[{"embeddable":true,"href":"http:\/\/875jahrekirchgoens.de\/index.php?rest_route=\/wp\/v2\/users\/1"}],"replies":[{"embeddable":true,"href":"http:\/\/875jahrekirchgoens.de\/index.php?rest_route=%2Fwp%2Fv2%2Fcomments&post=17876"}],"version-history":[{"count":1,"href":"http:\/\/875jahrekirchgoens.de\/index.php?rest_route=\/wp\/v2\/posts\/17876\/revisions"}],"predecessor-version":[{"id":17878,"href":"http:\/\/875jahrekirchgoens.de\/index.php?rest_route=\/wp\/v2\/posts\/17876\/revisions\/17878"}],"wp:attachment":[{"href":"http:\/\/875jahrekirchgoens.de\/index.php?rest_route=%2Fwp%2Fv2%2Fmedia&parent=17876"}],"wp:term":[{"taxonomy":"category","embeddable":true,"href":"http:\/\/875jahrekirchgoens.de\/index.php?rest_route=%2Fwp%2Fv2%2Fcategories&post=17876"},{"taxonomy":"post_tag","embeddable":true,"href":"http:\/\/875jahrekirchgoens.de\/index.php?rest_route=%2Fwp%2Fv2%2Ftags&post=17876"}],"curies":[{"name":"wp","href":"https:\/\/api.w.org\/{rel}","templated":true}]}}