{"id":17887,"date":"2002-10-29T11:17:00","date_gmt":"2002-10-29T11:17:00","guid":{"rendered":"https:\/\/875jahrekirchgoens.de\/?p=17887"},"modified":"2025-11-26T11:18:26","modified_gmt":"2025-11-26T11:18:26","slug":"kirch-goenser-schuetzen-kuerten-ihre-koenigsfamilie","status":"publish","type":"post","link":"http:\/\/875jahrekirchgoens.de\/?p=17887","title":{"rendered":"Kirch-G\u00f6nser Sch\u00fctzen k\u00fcrten ihre K\u00f6nigsfamilie"},"content":{"rendered":"\n<p>Mit einer Rekordbeteiligung von 28 Sch\u00fctzinnen und Sch\u00fctzen er\u00f6ffneten der 1. Vorsitzende Hagen Heinz und Sch\u00fctzenmeister Christian M\u00fcll das diesj\u00e4hrige K\u00f6nigs\u00ad schie\u00dfen des Sch\u00fctzenvereins Kirch\u00ad G\u00f6ns. Nachrekordverd\u00e4chtigen 45 Minuten stand mit dem,66. Schuss Klaus Dieter Herbei als neuer Sch\u00fctzenk\u00f6nig fest. Ihm stehen zur Seite als 1. Ritter Karsten M\u00fcller und als 2. Ritter Rolf Hillefeld, der diesen Titel nach 1998 zum 2.mal tr\u00e4gt. Die Damen lieferten sich ein besonders spannendes Rennen. Nach 2 Stunden fiel die Troph\u00e4e beim 117. Schuss, abgegeben von Angela M\u00f6ller. Sie ist damit nach 1999 zum zweiten mal\u00b7Sch\u00fctzenk\u00f6nigin. Mit ihrem Erfolg als Hofdame 2002 trug sich die aktive Sch\u00fctzin Ute M\u00f6ckel als erfolgreichste K\u00f6nigs-Sch\u00fctzin in die Annalen des Vereins ein. Die gr\u00f6\u00dfte Gruppe stellten die Jugendlichen. Wie die Damen ben\u00f6tigten sie 117 Sch\u00fcsse zur Ermittlung des Prinzen. Mit seinem 10. Schuss belohnte sich Daniel Metz in seinem ersten K\u00f6nigsschie\u00dfen mit diesem Titel. Damit hat der SV Kirch\u00adG\u00f6ns bis auf die Hofdame eine komplett neue K\u00f6nigsfamilie. Die Proklamation fand direkt im Anschluss an den Wettkampf statt, so dass noch lange gefeiert wurde.<\/p>\n\n\n\n<figure class=\"wp-block-image size-full\"><img loading=\"lazy\" decoding=\"async\" width=\"1024\" height=\"818\" src=\"https:\/\/875jahrekirchgoens.de\/wp-content\/uploads\/2025\/11\/grafik-321.png\" alt=\"\" class=\"wp-image-17888\" srcset=\"http:\/\/875jahrekirchgoens.de\/wp-content\/uploads\/2025\/11\/grafik-321.png 1024w, http:\/\/875jahrekirchgoens.de\/wp-content\/uploads\/2025\/11\/grafik-321-300x240.png 300w, http:\/\/875jahrekirchgoens.de\/wp-content\/uploads\/2025\/11\/grafik-321-768x614.png 768w\" sizes=\"auto, (max-width: 1024px) 100vw, 1024px\" \/><\/figure>\n\n\n\n<p class=\"has-text-align-center\">Die 40. K\u00f6nigsfamilie des Kirch-G\u00f6nser Sch\u00fctzenvereins mit <em>(v.1.) <\/em>Karsten M\u00fcller, Klaus Dieter Herbel, <br>Angela M\u00f6ller, Daniel Metz, Ute M\u00f6ckel und Rolf Hillefeld.<\/p>\n\n\n\n<p>Quelle und Bild: Butzbacher Zeitung vom 29. Oktober 2002<\/p>\n","protected":false},"excerpt":{"rendered":"<p>Mit einer Rekordbeteiligung von 28 Sch\u00fctzinnen und Sch\u00fctzen er\u00f6ffneten der 1. Vorsitzende Hagen Heinz und Sch\u00fctzenmeister Christian M\u00fcll das diesj\u00e4hrige K\u00f6nigs\u00ad schie\u00dfen des Sch\u00fctzenvereins Kirch\u00ad G\u00f6ns. Nachrekordverd\u00e4chtigen 45 Minuten stand mit dem,66. Schuss Klaus Dieter Herbei als neuer Sch\u00fctzenk\u00f6nig fest. Ihm stehen zur Seite als 1. Ritter Karsten M\u00fcller und als 2. Ritter Rolf Hillefeld, &#8230; <a title=\"Kirch-G\u00f6nser Sch\u00fctzen k\u00fcrten ihre K\u00f6nigsfamilie\" class=\"read-more\" href=\"http:\/\/875jahrekirchgoens.de\/?p=17887\" aria-label=\"Mehr Informationen \u00fcber Kirch-G\u00f6nser Sch\u00fctzen k\u00fcrten ihre K\u00f6nigsfamilie\">Weiterlesen<\/a><\/p>\n","protected":false},"author":1,"featured_media":0,"comment_status":"closed","ping_status":"open","sticky":false,"template":"","format":"standard","meta":{"footnotes":""},"categories":[1],"tags":[],"class_list":["post-17887","post","type-post","status-publish","format-standard","hentry","category-infos"],"_links":{"self":[{"href":"http:\/\/875jahrekirchgoens.de\/index.php?rest_route=\/wp\/v2\/posts\/17887","targetHints":{"allow":["GET"]}}],"collection":[{"href":"http:\/\/875jahrekirchgoens.de\/index.php?rest_route=\/wp\/v2\/posts"}],"about":[{"href":"http:\/\/875jahrekirchgoens.de\/index.php?rest_route=\/wp\/v2\/types\/post"}],"author":[{"embeddable":true,"href":"http:\/\/875jahrekirchgoens.de\/index.php?rest_route=\/wp\/v2\/users\/1"}],"replies":[{"embeddable":true,"href":"http:\/\/875jahrekirchgoens.de\/index.php?rest_route=%2Fwp%2Fv2%2Fcomments&post=17887"}],"version-history":[{"count":1,"href":"http:\/\/875jahrekirchgoens.de\/index.php?rest_route=\/wp\/v2\/posts\/17887\/revisions"}],"predecessor-version":[{"id":17889,"href":"http:\/\/875jahrekirchgoens.de\/index.php?rest_route=\/wp\/v2\/posts\/17887\/revisions\/17889"}],"wp:attachment":[{"href":"http:\/\/875jahrekirchgoens.de\/index.php?rest_route=%2Fwp%2Fv2%2Fmedia&parent=17887"}],"wp:term":[{"taxonomy":"category","embeddable":true,"href":"http:\/\/875jahrekirchgoens.de\/index.php?rest_route=%2Fwp%2Fv2%2Fcategories&post=17887"},{"taxonomy":"post_tag","embeddable":true,"href":"http:\/\/875jahrekirchgoens.de\/index.php?rest_route=%2Fwp%2Fv2%2Ftags&post=17887"}],"curies":[{"name":"wp","href":"https:\/\/api.w.org\/{rel}","templated":true}]}}