{"id":17891,"date":"2002-11-29T11:20:00","date_gmt":"2002-11-29T11:20:00","guid":{"rendered":"https:\/\/875jahrekirchgoens.de\/?p=17891"},"modified":"2025-11-26T11:21:30","modified_gmt":"2025-11-26T11:21:30","slug":"auch-pfarrer-william-thum-zuechtete-in-seiner-jugend-kaninchen","status":"publish","type":"post","link":"http:\/\/875jahrekirchgoens.de\/?p=17891","title":{"rendered":"Auch Pfarrer William Thum z\u00fcchtete in seiner Jugend Kaninchen"},"content":{"rendered":"\n<p><em>Lokalschau fand gro\u00dfe Resonanz in Kirch- und Pohl-G\u00f6ns \/ Erfolgreiche Z\u00fcchter geehrt<\/em><\/p>\n\n\n\n<p>Die Mitglieder des Kleintierzuchtvereins Kirch-\/Pohl-G\u00f6ns\u2022 zeigte auf ihrer traditionellen Lokalschau in der Mehrzweckhalle zwischen beiden D\u00f6rfern, wie lebendig im wahrsten Sinne des Wortes man seine Freizeit gestalten kann. Auf der gut organisierten Schau waren Kaninchen, Tauben, Zwergh\u00fchner, gro\u00dfe H\u00fcbner, Kanarienv\u00f6gel, Wellensittiche und Diamantt\u00e4ubchen in\u00b7herbstlich geschm\u00fcckten K\u00e4figen und Volieren gezeigt ausgestellt. Die zweite Lokalschau in der neuen Mehrzweckhalle Pohl-G\u00f6ns war erneut ein Anziehungspunkt f\u00fcr Gro\u00df und Klein, war sehr gut besucht. Nebenvielen Z\u00fcchtern aus den umliegenden Ortschaften fanden etliche Kirch-G\u00f6nser und Pohl\u00ad G\u00f6nser den Weg in die Halle. Oft mit dabei Kinder und Enkel, die sichtlich erfreut waren \u00fcber den Anblick der ausgestellten Tiere. Zu dem stand f\u00fcr den Nachwuchs eine stark frequentierte Malecke mit Malb\u00fcchern zum Thema Haustiere bereit. Zur Er\u00f6ffnung der Lokalschau begr\u00fc\u00dfte Friedel Werner, der 1. Vorsitzender des KZV Kirch-\/Pohl-G\u00f6ns die anwesenden G\u00e4ste auf das herzlichste und w\u00fcnschte viel Vergn\u00fcgen beim Betrachten der Tiere. Die Ortsvorsteher aus Pohl-G\u00f6ns, Gerlinde Bauer, und Kirch-G\u00f6ns; Peter Braasch, w\u00fcnschten dem Verein viele Besucher zur Ausstellung und f\u00fcr die Zukunft alles Gute, vor allem viele Nachwuchsz\u00fcchter. Die Kreisbeigeordnete Monika Sperzel lobt die Jugendarbeit des Vereins. Pfarrer William Thum dankte f\u00fcr die Einladung zur Er\u00f6ffnung und \u00fcberraschte die Anwesenden mit dem Hinweis, er habe in seiner Jugend Kaninchen der Rasse Hermelin Rotauge gez\u00fcchtet. Theo Fladung vom Kreisverband der Rassekaninchenz\u00fcchter w\u00fcnschte der Lokalschau viel Erfolg und \u00fcberreichte die Ehrenmedaille des Kreisverbandes\u00b7an die Z\u00fcchtergemeinschaft Beate und Friedel Wemer f\u00fcr ihre zahlreichen Erfolge in der Zucht der Rasse Lohkaninchen schwarz. Eine ganz besondere Ehrung erfuhr der Kirch-G\u00f6nser Erwin Reinhard,&#8216; dem Friedel Werner im Auftrag des Bundesverbandes\u00b7der Rassegefl\u00fcgelz\u00fcchter f\u00fcr seine langj\u00e4hrigen herausragende z\u00fcchterischen Leistung die Goldene Ehrennadel des Verbandes \u00fcberreichte. Zum Abschluss der Er\u00f6ffnungszeremonie \u00fcberbrachte der ehrenamtliche Stadtrat Gerhard Langsdorf die Gr\u00fc\u00dfe und Gl\u00fcckw\u00fcnsche\u00b7der st\u00e4dtischen Gremien zur Lokalschau. Er meinte, dass die Ausstellung mit den verschiedenen Tieren in all ihren Facetten belege, dass die Vereinsmitglieder rege ein sehr sch\u00f6nes Hobby betreiben. Die Z\u00fcchter h\u00e4tten im Laufe des Jahres immer wieder ihr z\u00fcchterisches Geschick bewiesen und mit Erfolg an anderen Ausstellungen teilgenommen. Es sei bemerkenswert, mit welchem Ehrgeiz, Einsatz und Geschick die Vereinsmitglieder an die Sache heran gingen. Die Lokalschau biete die M\u00f6glichkeit, eigene Zuchterfolge der beimischen \u00d6ffentlichkeit zu pr\u00e4sentieren und die z\u00fcchterische Kompetenz unter Beweis zu stellen. Der Lokalschau w\u00fcnschte Langsdorf viel Erfolg und erkl\u00e4rte sie f\u00fcr er\u00f6ffnet. Der 1. Vorsitzende Friede Werner wies daraufhin, dass dem friedlichen Wettstreit der Lokalschau die Zuchtarbeit eines ganzen Jahres vorausgehe. So dann gab er die Sieger der Ausstellung bekannt Vereinsmeister Jugend. Gefl\u00fcgel wurde Steffen, H\u00e4user mit seinen Zwerg Welsumer rostrebhuhnfarbig, deren Zuchtgruppe mit 379,0 Punkten benotet wurde. Hierf\u00fcr erhielt er auch den Zuchtpreis Gefl\u00fcgel des Kreisverbandes der Rassegefl\u00fcgelz\u00fcchter. Vereinsmeister Jugend Kaninchen wurde Lukas Kassabaum, der Kaninchen der Rasse Kleinsilber gelb z\u00fcchtet und hier auf 380;5 Punkte kam. Den Jugend-Wanderpokal errang Steffen H\u00e4user mit 20 Punkten. Vereinsmeister H\u00fchner wurde Beate M\u00fcller-Werner mit ihren Zwerg-Nackthalsh\u00fchnern blau ges\u00e4umt und 381,0 Punkten. Den Vereinsmeister Tauben holte sich Klaus Boller mit seinen Deutschen Modenesern schietti rotfahl geh\u00e4mmert mit 382,0 Punkten. Beim Vereinsmeister Kaninchen ging an der Z\u00fcchtergemeinschaft Beate und Friedel Werner kein Weg vorbei. Sie erzielten mit ihrer Zuchtgruppe Lohkaninchen schwarz 386,5 Punkte. Das Pr\u00e4mienband des Landesverbandes der Rassegefl\u00fcgelz\u00fcchter hole sich Beate M\u00fcller-Werner mit einem Hahn der Rasse Zwerg-Nackthals blau ges\u00e4umt und der Note hervorragend\u201c.<\/p>\n\n\n<div class=\"wp-block-image\">\n<figure class=\"aligncenter size-full\"><img loading=\"lazy\" decoding=\"async\" width=\"512\" height=\"349\" src=\"https:\/\/875jahrekirchgoens.de\/wp-content\/uploads\/2025\/11\/grafik-322.png\" alt=\"\" class=\"wp-image-17892\" srcset=\"http:\/\/875jahrekirchgoens.de\/wp-content\/uploads\/2025\/11\/grafik-322.png 512w, http:\/\/875jahrekirchgoens.de\/wp-content\/uploads\/2025\/11\/grafik-322-300x204.png 300w\" sizes=\"auto, (max-width: 512px) 100vw, 512px\" \/><\/figure><\/div>\n\n\n<p>Gut besucht war die Lokalschau des Kleintierzuchtvereins Kirch-\/Pohl-G\u00f6ns in der Mehrzweckhalle. Die Sieger (v. l.): Bernd M\u00fcller, Erwin Reinhard, Wolfgang Schepp, Beate M\u00fcller-Werner, Gerlinde Boller, Friedel Werner, Stadtrat Gerhard Langsdorf, G\u00fcnther Steiner und Klaus Boller.<\/p>\n\n\n\n<p>Quelle: Butzbacher Zeitung vom 29. November 2002<\/p>\n\n\n\n<p>Bild: Dieter Pfeiffer \/ Kirch-G\u00f6ns<\/p>\n\n\n\n<p><\/p>\n","protected":false},"excerpt":{"rendered":"<p>Lokalschau fand gro\u00dfe Resonanz in Kirch- und Pohl-G\u00f6ns \/ Erfolgreiche Z\u00fcchter geehrt Die Mitglieder des Kleintierzuchtvereins Kirch-\/Pohl-G\u00f6ns\u2022 zeigte auf ihrer traditionellen Lokalschau in der Mehrzweckhalle zwischen beiden D\u00f6rfern, wie lebendig im wahrsten Sinne des Wortes man seine Freizeit gestalten kann. Auf der gut organisierten Schau waren Kaninchen, Tauben, Zwergh\u00fchner, gro\u00dfe H\u00fcbner, Kanarienv\u00f6gel, Wellensittiche und Diamantt\u00e4ubchen &#8230; <a title=\"Auch Pfarrer William Thum z\u00fcchtete in seiner Jugend Kaninchen\" class=\"read-more\" href=\"http:\/\/875jahrekirchgoens.de\/?p=17891\" aria-label=\"Mehr Informationen \u00fcber Auch Pfarrer William Thum z\u00fcchtete in seiner Jugend Kaninchen\">Weiterlesen<\/a><\/p>\n","protected":false},"author":1,"featured_media":0,"comment_status":"closed","ping_status":"open","sticky":false,"template":"","format":"standard","meta":{"footnotes":""},"categories":[1],"tags":[],"class_list":["post-17891","post","type-post","status-publish","format-standard","hentry","category-infos"],"_links":{"self":[{"href":"http:\/\/875jahrekirchgoens.de\/index.php?rest_route=\/wp\/v2\/posts\/17891","targetHints":{"allow":["GET"]}}],"collection":[{"href":"http:\/\/875jahrekirchgoens.de\/index.php?rest_route=\/wp\/v2\/posts"}],"about":[{"href":"http:\/\/875jahrekirchgoens.de\/index.php?rest_route=\/wp\/v2\/types\/post"}],"author":[{"embeddable":true,"href":"http:\/\/875jahrekirchgoens.de\/index.php?rest_route=\/wp\/v2\/users\/1"}],"replies":[{"embeddable":true,"href":"http:\/\/875jahrekirchgoens.de\/index.php?rest_route=%2Fwp%2Fv2%2Fcomments&post=17891"}],"version-history":[{"count":1,"href":"http:\/\/875jahrekirchgoens.de\/index.php?rest_route=\/wp\/v2\/posts\/17891\/revisions"}],"predecessor-version":[{"id":17893,"href":"http:\/\/875jahrekirchgoens.de\/index.php?rest_route=\/wp\/v2\/posts\/17891\/revisions\/17893"}],"wp:attachment":[{"href":"http:\/\/875jahrekirchgoens.de\/index.php?rest_route=%2Fwp%2Fv2%2Fmedia&parent=17891"}],"wp:term":[{"taxonomy":"category","embeddable":true,"href":"http:\/\/875jahrekirchgoens.de\/index.php?rest_route=%2Fwp%2Fv2%2Fcategories&post=17891"},{"taxonomy":"post_tag","embeddable":true,"href":"http:\/\/875jahrekirchgoens.de\/index.php?rest_route=%2Fwp%2Fv2%2Ftags&post=17891"}],"curies":[{"name":"wp","href":"https:\/\/api.w.org\/{rel}","templated":true}]}}