{"id":17901,"date":"2003-03-06T10:18:00","date_gmt":"2003-03-06T10:18:00","guid":{"rendered":"https:\/\/875jahrekirchgoens.de\/?p=17901"},"modified":"2025-11-27T10:18:56","modified_gmt":"2025-11-27T10:18:56","slug":"jubilaeums-liederabend-war-hoehepunkt","status":"publish","type":"post","link":"http:\/\/875jahrekirchgoens.de\/?p=17901","title":{"rendered":"Jubil\u00e4ums-Liederabend war H\u00f6hepunkt"},"content":{"rendered":"\n<p><em>Gesangverein 1862 will auch in Zukunft fr\u00f6hlich und vergn\u00fcgt weiter singen<\/em><\/p>\n\n\n\n<p>Der gemischte Chor des Gesangvereins 1862 Kirch-G\u00f6ns ist trotz des inzwischen schon recht hohen Durchschnittsalters seiner 40 m\u00e4nnlichen und weiblichen Aktiven, es bel\u00e4uft sich auf exakt 59,55 Jahre noch immer ein relativ guter Klangk\u00f6rper. Dies stellte der wiedergew\u00e4hlte 1. Vorsitzende Peter B. Braasch in der Jahreshauptversammlung seines Vereins fest, die turnusgem\u00e4\u00df in der Gastst\u00e4tte \u201eZur Kegelbahn\u201c stattfand. Dennoch gelte es zu handeln und Nachwuchs zu werben, damit man nicht irgendwann das Schicksal benachbarter Ch\u00f6re erleide und zum Aufh\u00f6ren gezwungen sei. Vorl\u00e4ufig aber, so Braasch, wolle man wie in der Vergangenheit auch in Zukunft \u201efr\u00f6hlich und vergn\u00fcgt\u201c weitersingen. Besonders hie\u00df Braasch die Dirigentin Daniela Schneider (Watzenborn-Steinberg) willkommen. Ehrendirigent Ewald R\u00f6hrig (Niederkleen) lasse sich aus Krankheitsgr\u00fcnden entschuldigen. In dankbarer Erinnerung werde man sich stets der verstorbenen Mitglieder Erich Laudt, Willi Mandler und Friedel Naumann erinnern. In seinem R\u00fcckblick erw\u00e4hnte der 1. Vorsitzende die unterschiedlichen Aktivit\u00e4ten. Die Singstunde am Aschermittwoch lie\u00df man mit einem fr\u00f6hlichen Heringsessen ausklingen. Der Aktiven Birgit Kuhl wurde zum 50. Geburtstag ein St\u00e4ndchen gesungen. Das Schlachtfest am 9. M\u00e4rz war wieder ein Erfolg. Der gemischte Chor nahm am 20. April am Wertungssingen in Leihgestern teil und half dabei mit einigen Stimmen bei den S\u00e4ngern aus Rechtenbach aus. Seinen 90. Geburtstag feierte der langj\u00e4hrige Aktive und S\u00e4nger im ersten Bass, Heinrich Kuhl. Ihm brachte man am 1. Juni ein St\u00e4ndchen und besuchte am gleichen Tag auch noch den Liederabend in Langg\u00f6ns. Das Sommerfest im Seniorenheim \u201eRosengarten\u201c umrahmten die S\u00e4ngerinnen und S\u00e4nger mit Liedbeitr\u00e4gen wie auch das traditionelle Scheunenfest des 1. Vorsitzenden am 16. August. Mit zwei Liedern begleitete man den Mundartgottesdienst zum Backhausfest am letzten August-Sonntag. Die Teilnahme am 30-j\u00e4hrigen Dirigentenjubil\u00e4um von Chorleiter Helmut Haub in Pohl-G\u00f6ns gab dem Gesangverein Kirch-G\u00f6ns viele Impulse f\u00fcr sein eigenes Fest am 12. Oktober in der Mehrzweckhalle. Den Liederabend zum 140-j\u00e4hrigen Bestehen bezeichnete Braasch als \u201eden H\u00f6hepunkt und kulturellen Erfolg\u201c im Vereinsjahr. Ein paar nette Stunden verlebten die Vereinsmitglieder am 14. November bei einer Brauereibesichtigung in Lich. Am Volkstrauertag musste man bei der Kundgebung am Ehrenmal kurzfristig f\u00fcr den verhinderten Musikzug einspringen. Und am 30. November umrahmte der Gesangverein den Seniorennachmittag der Stadt im B\u00fcrgerhaus. Abends besuchte man noch ein Konzert der von Dirigentin Schneider geleiteten Ch\u00f6re in Rechtenbach. An seinem 70. Geburtstag, den er am 13. Dezember gefeiert habe, sei ihm ein St\u00e4ndchen gesungen worden, bedankte sich der 1. Vorsitzende. Die letzte der insgesamt 46 Singstunden des Jahres habe am 18. Dezember stattgefunden. Das s\u00e4ngerische Wirken im Jahr 2002 habe das traditionelle Auftreten w\u00e4hrend des Weihnachtsgottesdienstes in der Kirche abgerundet. Dem Bericht von Schatzmeisterin Elke Weber bescheinigten die Revisoren Heike Bunfill und Christan Weber eine einwandfreie Buchf\u00fchrung. Nach der einstimmigen Vorstandsentlastung kam es zu den kompletten Neuwahlen. F\u00fcr drei Jahre wiedergew\u00e4hlt wurden neben dem 1. Vorsitzenden Peter B. Braasch der stellvertretende Vorsitzende Rudi Weber, Schriftf\u00fchrer J\u00fcrgen R\u00fchl, Schatzmeisterin Elke Weber, zweiter Schatzmeister Harald Eckhard sowie die drei Beisitzer Herbert Alles, Margit Eckhard und Gerhard Eckhard. Die Kasse pr\u00fcfen Birgit Kuhl und Christian Weber. Dann wurden die flei\u00dfigsten Singstundenbesucher geehrt. Immer anwesend waren Hanni Frischmuth und G\u00fcnther Kuhn, einmal hatte Margit Eckhard gefehlt, zweimal Alice Stehr und Harald Eckhard, dreimal Erika Knorz und Liesel Raith. Zu Ehrenmitgliedern wurden vier Aktive ernannt: Edgar Binzer, der seit 40 Jahren aktiv sing, sowie Ewald Binzer, Willi Fuchs und Peter B. Braasch, die das 70. Lebensjahr erreicht haben. Vor seinem Schlusswort gab der 1. Vorsitzende noch eine Reihe von Terminen im neuen Jahr bekannt. Das Schlachtfest findet am 22. Februar statt. Das Wertungssingen in Garbenteich ist am 5. und 6. April. Das Konzert des H\u00fcttenberg-Schiffenberger S\u00e4ngerbundes wird am 25. Mai auf dem Schiffenberg ausgetragen. Einer Einladung zum Freundschaftssingen in Leihgestern folgt der gemischte Chor am 3. Juli. Die Feier der Spielleuteorchesters Pohl-G\u00f6ns wird am 12. Juli besucht. Scheunenfest beim 1. Vorsitzenden ist am 22. August. Au\u00dferdem wird eine mehrt\u00e4gige Ausflugfahrt nach Wiehe in Th\u00fcringen geplant.<\/p>\n\n\n<div class=\"wp-block-image\">\n<figure class=\"aligncenter size-full\"><img loading=\"lazy\" decoding=\"async\" width=\"512\" height=\"322\" src=\"https:\/\/875jahrekirchgoens.de\/wp-content\/uploads\/2025\/11\/grafik-323.png\" alt=\"\" class=\"wp-image-17902\" srcset=\"http:\/\/875jahrekirchgoens.de\/wp-content\/uploads\/2025\/11\/grafik-323.png 512w, http:\/\/875jahrekirchgoens.de\/wp-content\/uploads\/2025\/11\/grafik-323-300x189.png 300w\" sizes=\"auto, (max-width: 512px) 100vw, 512px\" \/><\/figure><\/div>\n\n\n<p>Die aktiven S\u00e4ngerinnen und S\u00e4nger Liesel Raith, Erika Knorz, G\u00fcnther Kuhn, Harald Eckhard, Margit Eckhard und Hanni Frischmuth wurden in der Jahreshauptversammlung des Gesangvereins 1862 Kirch-G\u00f6ns vom 1. Vorsitzenden Peter B. Braasch geehrt. <\/p>\n\n\n\n<p>Quelle und Bild: Butzbacher Zeitung vom 6. M\u00e4rz 2003<\/p>\n","protected":false},"excerpt":{"rendered":"<p>Gesangverein 1862 will auch in Zukunft fr\u00f6hlich und vergn\u00fcgt weiter singen Der gemischte Chor des Gesangvereins 1862 Kirch-G\u00f6ns ist trotz des inzwischen schon recht hohen Durchschnittsalters seiner 40 m\u00e4nnlichen und weiblichen Aktiven, es bel\u00e4uft sich auf exakt 59,55 Jahre noch immer ein relativ guter Klangk\u00f6rper. Dies stellte der wiedergew\u00e4hlte 1. Vorsitzende Peter B. Braasch in &#8230; <a title=\"Jubil\u00e4ums-Liederabend war H\u00f6hepunkt\" class=\"read-more\" href=\"http:\/\/875jahrekirchgoens.de\/?p=17901\" aria-label=\"Mehr Informationen \u00fcber Jubil\u00e4ums-Liederabend war H\u00f6hepunkt\">Weiterlesen<\/a><\/p>\n","protected":false},"author":1,"featured_media":0,"comment_status":"closed","ping_status":"open","sticky":false,"template":"","format":"standard","meta":{"footnotes":""},"categories":[1],"tags":[],"class_list":["post-17901","post","type-post","status-publish","format-standard","hentry","category-infos"],"_links":{"self":[{"href":"http:\/\/875jahrekirchgoens.de\/index.php?rest_route=\/wp\/v2\/posts\/17901","targetHints":{"allow":["GET"]}}],"collection":[{"href":"http:\/\/875jahrekirchgoens.de\/index.php?rest_route=\/wp\/v2\/posts"}],"about":[{"href":"http:\/\/875jahrekirchgoens.de\/index.php?rest_route=\/wp\/v2\/types\/post"}],"author":[{"embeddable":true,"href":"http:\/\/875jahrekirchgoens.de\/index.php?rest_route=\/wp\/v2\/users\/1"}],"replies":[{"embeddable":true,"href":"http:\/\/875jahrekirchgoens.de\/index.php?rest_route=%2Fwp%2Fv2%2Fcomments&post=17901"}],"version-history":[{"count":1,"href":"http:\/\/875jahrekirchgoens.de\/index.php?rest_route=\/wp\/v2\/posts\/17901\/revisions"}],"predecessor-version":[{"id":17903,"href":"http:\/\/875jahrekirchgoens.de\/index.php?rest_route=\/wp\/v2\/posts\/17901\/revisions\/17903"}],"wp:attachment":[{"href":"http:\/\/875jahrekirchgoens.de\/index.php?rest_route=%2Fwp%2Fv2%2Fmedia&parent=17901"}],"wp:term":[{"taxonomy":"category","embeddable":true,"href":"http:\/\/875jahrekirchgoens.de\/index.php?rest_route=%2Fwp%2Fv2%2Fcategories&post=17901"},{"taxonomy":"post_tag","embeddable":true,"href":"http:\/\/875jahrekirchgoens.de\/index.php?rest_route=%2Fwp%2Fv2%2Ftags&post=17901"}],"curies":[{"name":"wp","href":"https:\/\/api.w.org\/{rel}","templated":true}]}}