{"id":17909,"date":"2003-04-03T10:23:00","date_gmt":"2003-04-03T10:23:00","guid":{"rendered":"https:\/\/875jahrekirchgoens.de\/?p=17909"},"modified":"2025-11-27T10:24:57","modified_gmt":"2025-11-27T10:24:57","slug":"jugendliche-tanzten-fuer-die-aelteren-herrschaften","status":"publish","type":"post","link":"http:\/\/875jahrekirchgoens.de\/?p=17909","title":{"rendered":"Jugendliche tanzten f\u00fcr die \u00e4lteren Herrschaften"},"content":{"rendered":"\n<p><em>Gelungener Seniorennachmittag des Heimat- und Backhausvereins<\/em><\/p>\n\n\n\n<p>Schon seit Jahren erfreut sich der Seniorennachmittag des Kirch-G\u00f6nser Heimat- und Backhausvereins im dortigen B\u00fcrgerhaus gro\u00dfer Beliebtheit bei den \u00e4lteren Mitb\u00fcrgerinnen und Mitb\u00fcrgern in Kirch-G\u00f6ns und Pohl-G\u00f6ns. Auch in diesem Jahr war die inzwischen traditionelle Veranstaltung mit \u00fcber 70 Seniorinnen und Senioren aus beiden D\u00f6rfern sehr gut besucht. Bei frischem Backhauskuchen und erstmals als Besonderheit mit so genannten \u201eScheke\u201c oder \u201eGr\u00e4\u00e4wekratz\u201c, einem Geb\u00e4ck mit ausgelassenen Schweinegrieben, sowie Kaffee verbrachten die Teilnehmer am Seniorennachmittag einige sch\u00f6ne Stunden miteinander. Wie immer sorgten die Mitglieder des Kirch-G\u00f6nser Heimat- und Backhausvereins f\u00fcr unterhaltsame Kurzweil. Die Kinder- und Jugendtanzgruppe des Vereins pr\u00e4sentierte unter musikalischer Begleitung von Florian Ilge mit den Akkordeon mehrere T\u00e4nze und bekam hierf\u00fcr starken Applaus. Gedichte und Anekdoten in oberhessischer Mundart trugen zur allgemeinen Freude Erna Weidhase, Werner R\u00fchl und G\u00fcnther Weber vor.<\/p>\n\n\n<div class=\"wp-block-image\">\n<figure class=\"aligncenter size-full\"><img loading=\"lazy\" decoding=\"async\" width=\"512\" height=\"370\" src=\"https:\/\/875jahrekirchgoens.de\/wp-content\/uploads\/2025\/11\/grafik-325.png\" alt=\"\" class=\"wp-image-17910\" srcset=\"http:\/\/875jahrekirchgoens.de\/wp-content\/uploads\/2025\/11\/grafik-325.png 512w, http:\/\/875jahrekirchgoens.de\/wp-content\/uploads\/2025\/11\/grafik-325-300x217.png 300w\" sizes=\"auto, (max-width: 512px) 100vw, 512px\" \/><\/figure><\/div>\n\n\n<p>Wie immer gut besucht war der traditionelle Seniorennachmittag des Kirch-G\u00f6nser Heimat- und Backhausvereins.<\/p>\n\n\n\n<p>Quelle und Bild: Butzbacher Zeitung vom 3. April 2003<\/p>\n","protected":false},"excerpt":{"rendered":"<p>Gelungener Seniorennachmittag des Heimat- und Backhausvereins Schon seit Jahren erfreut sich der Seniorennachmittag des Kirch-G\u00f6nser Heimat- und Backhausvereins im dortigen B\u00fcrgerhaus gro\u00dfer Beliebtheit bei den \u00e4lteren Mitb\u00fcrgerinnen und Mitb\u00fcrgern in Kirch-G\u00f6ns und Pohl-G\u00f6ns. Auch in diesem Jahr war die inzwischen traditionelle Veranstaltung mit \u00fcber 70 Seniorinnen und Senioren aus beiden D\u00f6rfern sehr gut besucht. Bei &#8230; <a title=\"Jugendliche tanzten f\u00fcr die \u00e4lteren Herrschaften\" class=\"read-more\" href=\"http:\/\/875jahrekirchgoens.de\/?p=17909\" aria-label=\"Mehr Informationen \u00fcber Jugendliche tanzten f\u00fcr die \u00e4lteren Herrschaften\">Weiterlesen<\/a><\/p>\n","protected":false},"author":1,"featured_media":0,"comment_status":"closed","ping_status":"open","sticky":false,"template":"","format":"standard","meta":{"footnotes":""},"categories":[1],"tags":[],"class_list":["post-17909","post","type-post","status-publish","format-standard","hentry","category-infos"],"_links":{"self":[{"href":"http:\/\/875jahrekirchgoens.de\/index.php?rest_route=\/wp\/v2\/posts\/17909","targetHints":{"allow":["GET"]}}],"collection":[{"href":"http:\/\/875jahrekirchgoens.de\/index.php?rest_route=\/wp\/v2\/posts"}],"about":[{"href":"http:\/\/875jahrekirchgoens.de\/index.php?rest_route=\/wp\/v2\/types\/post"}],"author":[{"embeddable":true,"href":"http:\/\/875jahrekirchgoens.de\/index.php?rest_route=\/wp\/v2\/users\/1"}],"replies":[{"embeddable":true,"href":"http:\/\/875jahrekirchgoens.de\/index.php?rest_route=%2Fwp%2Fv2%2Fcomments&post=17909"}],"version-history":[{"count":1,"href":"http:\/\/875jahrekirchgoens.de\/index.php?rest_route=\/wp\/v2\/posts\/17909\/revisions"}],"predecessor-version":[{"id":17911,"href":"http:\/\/875jahrekirchgoens.de\/index.php?rest_route=\/wp\/v2\/posts\/17909\/revisions\/17911"}],"wp:attachment":[{"href":"http:\/\/875jahrekirchgoens.de\/index.php?rest_route=%2Fwp%2Fv2%2Fmedia&parent=17909"}],"wp:term":[{"taxonomy":"category","embeddable":true,"href":"http:\/\/875jahrekirchgoens.de\/index.php?rest_route=%2Fwp%2Fv2%2Fcategories&post=17909"},{"taxonomy":"post_tag","embeddable":true,"href":"http:\/\/875jahrekirchgoens.de\/index.php?rest_route=%2Fwp%2Fv2%2Ftags&post=17909"}],"curies":[{"name":"wp","href":"https:\/\/api.w.org\/{rel}","templated":true}]}}