{"id":17913,"date":"2003-04-15T10:26:00","date_gmt":"2003-04-15T10:26:00","guid":{"rendered":"https:\/\/875jahrekirchgoens.de\/?p=17913"},"modified":"2025-11-27T10:27:37","modified_gmt":"2025-11-27T10:27:37","slug":"backen-im-kirch-goenser-backhaus","status":"publish","type":"post","link":"http:\/\/875jahrekirchgoens.de\/?p=17913","title":{"rendered":"Backen im Kirch-G\u00f6nser Backhaus \u2026"},"content":{"rendered":"\n<figure class=\"wp-block-image size-full\"><img loading=\"lazy\" decoding=\"async\" width=\"1024\" height=\"697\" src=\"https:\/\/875jahrekirchgoens.de\/wp-content\/uploads\/2025\/11\/grafik-326.png\" alt=\"\" class=\"wp-image-17914\" srcset=\"http:\/\/875jahrekirchgoens.de\/wp-content\/uploads\/2025\/11\/grafik-326.png 1024w, http:\/\/875jahrekirchgoens.de\/wp-content\/uploads\/2025\/11\/grafik-326-300x204.png 300w, http:\/\/875jahrekirchgoens.de\/wp-content\/uploads\/2025\/11\/grafik-326-768x523.png 768w\" sizes=\"auto, (max-width: 1024px) 100vw, 1024px\" \/><\/figure>\n\n\n\n<p>\u2026 hie\u00df es f\u00fcr 30 Kinder, die zum Heimat- und Backhausverein nach Kirch-G\u00f6ns gekommen waren. Im Rahmen der Oster-Aktivwochen der Stadt Butzbach wurde zu dieser Aktivit\u00e4t eingeladen. Die Buben und M\u00e4dchen waren mit viel Spa\u00df dabei, als H\u00e4schen, L\u00e4mmchen und Osternester f\u00fcr das Backen vorbereit und anschlie\u00dfend verzehrt wurden. Es blieb aber noch gen\u00fcgend Zeit zum Basteln und Tanzen. Wer gut aufgepasst hatte, kann jetzt zu Hause beim Backen f\u00fcr die Osterfeiertage viel helfen.<\/p>\n\n\n\n<p>Quelle und Bild: Heimat- und Backhausverein Kirch-G\u00f6ns vom 15. April 2003<\/p>\n","protected":false},"excerpt":{"rendered":"<p>\u2026 hie\u00df es f\u00fcr 30 Kinder, die zum Heimat- und Backhausverein nach Kirch-G\u00f6ns gekommen waren. Im Rahmen der Oster-Aktivwochen der Stadt Butzbach wurde zu dieser Aktivit\u00e4t eingeladen. Die Buben und M\u00e4dchen waren mit viel Spa\u00df dabei, als H\u00e4schen, L\u00e4mmchen und Osternester f\u00fcr das Backen vorbereit und anschlie\u00dfend verzehrt wurden. Es blieb aber noch gen\u00fcgend Zeit &#8230; <a title=\"Backen im Kirch-G\u00f6nser Backhaus \u2026\" class=\"read-more\" href=\"http:\/\/875jahrekirchgoens.de\/?p=17913\" aria-label=\"Mehr Informationen \u00fcber Backen im Kirch-G\u00f6nser Backhaus \u2026\">Weiterlesen<\/a><\/p>\n","protected":false},"author":1,"featured_media":0,"comment_status":"closed","ping_status":"open","sticky":false,"template":"","format":"standard","meta":{"footnotes":""},"categories":[1],"tags":[],"class_list":["post-17913","post","type-post","status-publish","format-standard","hentry","category-infos"],"_links":{"self":[{"href":"http:\/\/875jahrekirchgoens.de\/index.php?rest_route=\/wp\/v2\/posts\/17913","targetHints":{"allow":["GET"]}}],"collection":[{"href":"http:\/\/875jahrekirchgoens.de\/index.php?rest_route=\/wp\/v2\/posts"}],"about":[{"href":"http:\/\/875jahrekirchgoens.de\/index.php?rest_route=\/wp\/v2\/types\/post"}],"author":[{"embeddable":true,"href":"http:\/\/875jahrekirchgoens.de\/index.php?rest_route=\/wp\/v2\/users\/1"}],"replies":[{"embeddable":true,"href":"http:\/\/875jahrekirchgoens.de\/index.php?rest_route=%2Fwp%2Fv2%2Fcomments&post=17913"}],"version-history":[{"count":1,"href":"http:\/\/875jahrekirchgoens.de\/index.php?rest_route=\/wp\/v2\/posts\/17913\/revisions"}],"predecessor-version":[{"id":17915,"href":"http:\/\/875jahrekirchgoens.de\/index.php?rest_route=\/wp\/v2\/posts\/17913\/revisions\/17915"}],"wp:attachment":[{"href":"http:\/\/875jahrekirchgoens.de\/index.php?rest_route=%2Fwp%2Fv2%2Fmedia&parent=17913"}],"wp:term":[{"taxonomy":"category","embeddable":true,"href":"http:\/\/875jahrekirchgoens.de\/index.php?rest_route=%2Fwp%2Fv2%2Fcategories&post=17913"},{"taxonomy":"post_tag","embeddable":true,"href":"http:\/\/875jahrekirchgoens.de\/index.php?rest_route=%2Fwp%2Fv2%2Ftags&post=17913"}],"curies":[{"name":"wp","href":"https:\/\/api.w.org\/{rel}","templated":true}]}}