{"id":17917,"date":"2003-09-17T10:29:00","date_gmt":"2003-09-17T10:29:00","guid":{"rendered":"https:\/\/875jahrekirchgoens.de\/?p=17917"},"modified":"2025-11-27T10:30:52","modified_gmt":"2025-11-27T10:30:52","slug":"backhauskuchen-war-der-renner-in-kirch-goens","status":"publish","type":"post","link":"http:\/\/875jahrekirchgoens.de\/?p=17917","title":{"rendered":"Backhauskuchen war der Renner in Kirch-G\u00f6ns"},"content":{"rendered":"\n<p>Am Tag des offenen Denkmals nahm in diesem Jahr erstmals der Kirch-G\u00f6nser Heimat- und Backhausverein teil und bot F\u00fchrungen durch das alte aus der 2. H\u00e4lfte des 17. Jahrhunderts stammenden Backhaus an. Den zahlreichen Besuchern wurde die Geschichte des Geb\u00e4udes erkl\u00e4rt, das nicht von ungef\u00e4hr in der alten Dorfmitte stand. Backh\u00e4user waren eine d\u00f6rfliche Gemeinschaftseinrichtung, die in fr\u00fcheren Zeiten ihren festen Platz im t\u00e4glichen Leben hatten. Hier wurde mit Brot ein wichtiges Grundnahrungsmittel gebacken. Aber auch Kuchen und zu Festtagen Braten wurden in die \u00d6fen geschoben. Die beiden Kirch-G\u00f6nser Exemplare stammen \u00fcbrigens aus dem Jahre 1925 und wurden 1979\/80 renoviert. Am Tag des offenen Denkmals konnten die Besucher das Kirch-G\u00f6nser Backhaus in Betrieb sehen. Neben Kuchen wurde auch Brot und die Kirch-G\u00f6nser Spezialit\u00e4t \u201eM\u00e4uslaibchen\u201c gebacken. Der frische Riwwel, Budderlochs- und Gwetschekuche aus dem Backhaus war der Renner bei den Besuchern, die allen drei Arten bei einer Tasse Kaffee kr\u00e4ftig zusprachen. F\u00fcr die Unterhaltung der Besucher sorgten die Kindertanzgruppe des Heimat- und Backhausvereins mit mehreren T\u00e4nzen sowie der Musikzug der Freiwilligen Feuerwehr mit einem volkst\u00fcmlichen Platzkonzert. In einer kurzen Ansprache zum Abschluss der Veranstaltung dankte der 1. Vorsitzende G\u00fcnter Weber seitens des Kirch-G\u00f6nser Heimat- und Backhausvereins dem Sch\u00fctzenverein f\u00fcr die Verlegung des Finales des Ortspokalschie\u00dfens im Interesse des Tages des offenen Denkmals.<\/p>\n\n\n<div class=\"wp-block-image\">\n<figure class=\"aligncenter size-full\"><img loading=\"lazy\" decoding=\"async\" width=\"512\" height=\"313\" src=\"https:\/\/875jahrekirchgoens.de\/wp-content\/uploads\/2025\/11\/grafik-327.png\" alt=\"\" class=\"wp-image-17918\" srcset=\"http:\/\/875jahrekirchgoens.de\/wp-content\/uploads\/2025\/11\/grafik-327.png 512w, http:\/\/875jahrekirchgoens.de\/wp-content\/uploads\/2025\/11\/grafik-327-300x183.png 300w\" sizes=\"auto, (max-width: 512px) 100vw, 512px\" \/><\/figure><\/div>\n\n\n<p class=\"has-text-align-center\">Der im alten Backhaus gebackene Kuchen war der <br>Renner am Tag des offenen Denkmals und wurde von <br>Vereinsmitgliedern in H\u00fcttenberger Tracht flei\u00dfig verkauft.<\/p>\n\n\n\n<p>Quelle und Bild: Butzbacher Zeitung vom 17. September 2003<\/p>\n","protected":false},"excerpt":{"rendered":"<p>Am Tag des offenen Denkmals nahm in diesem Jahr erstmals der Kirch-G\u00f6nser Heimat- und Backhausverein teil und bot F\u00fchrungen durch das alte aus der 2. H\u00e4lfte des 17. Jahrhunderts stammenden Backhaus an. Den zahlreichen Besuchern wurde die Geschichte des Geb\u00e4udes erkl\u00e4rt, das nicht von ungef\u00e4hr in der alten Dorfmitte stand. Backh\u00e4user waren eine d\u00f6rfliche Gemeinschaftseinrichtung, &#8230; <a title=\"Backhauskuchen war der Renner in Kirch-G\u00f6ns\" class=\"read-more\" href=\"http:\/\/875jahrekirchgoens.de\/?p=17917\" aria-label=\"Mehr Informationen \u00fcber Backhauskuchen war der Renner in Kirch-G\u00f6ns\">Weiterlesen<\/a><\/p>\n","protected":false},"author":1,"featured_media":0,"comment_status":"closed","ping_status":"open","sticky":false,"template":"","format":"standard","meta":{"footnotes":""},"categories":[1],"tags":[],"class_list":["post-17917","post","type-post","status-publish","format-standard","hentry","category-infos"],"_links":{"self":[{"href":"http:\/\/875jahrekirchgoens.de\/index.php?rest_route=\/wp\/v2\/posts\/17917","targetHints":{"allow":["GET"]}}],"collection":[{"href":"http:\/\/875jahrekirchgoens.de\/index.php?rest_route=\/wp\/v2\/posts"}],"about":[{"href":"http:\/\/875jahrekirchgoens.de\/index.php?rest_route=\/wp\/v2\/types\/post"}],"author":[{"embeddable":true,"href":"http:\/\/875jahrekirchgoens.de\/index.php?rest_route=\/wp\/v2\/users\/1"}],"replies":[{"embeddable":true,"href":"http:\/\/875jahrekirchgoens.de\/index.php?rest_route=%2Fwp%2Fv2%2Fcomments&post=17917"}],"version-history":[{"count":1,"href":"http:\/\/875jahrekirchgoens.de\/index.php?rest_route=\/wp\/v2\/posts\/17917\/revisions"}],"predecessor-version":[{"id":17919,"href":"http:\/\/875jahrekirchgoens.de\/index.php?rest_route=\/wp\/v2\/posts\/17917\/revisions\/17919"}],"wp:attachment":[{"href":"http:\/\/875jahrekirchgoens.de\/index.php?rest_route=%2Fwp%2Fv2%2Fmedia&parent=17917"}],"wp:term":[{"taxonomy":"category","embeddable":true,"href":"http:\/\/875jahrekirchgoens.de\/index.php?rest_route=%2Fwp%2Fv2%2Fcategories&post=17917"},{"taxonomy":"post_tag","embeddable":true,"href":"http:\/\/875jahrekirchgoens.de\/index.php?rest_route=%2Fwp%2Fv2%2Ftags&post=17917"}],"curies":[{"name":"wp","href":"https:\/\/api.w.org\/{rel}","templated":true}]}}