{"id":17927,"date":"2003-10-08T10:42:00","date_gmt":"2003-10-08T10:42:00","guid":{"rendered":"https:\/\/875jahrekirchgoens.de\/?p=17927"},"modified":"2025-11-27T10:43:32","modified_gmt":"2025-11-27T10:43:32","slug":"christian-fischer-als-neuer-zivi-ins-amt-eingefuehrt","status":"publish","type":"post","link":"http:\/\/875jahrekirchgoens.de\/?p=17927","title":{"rendered":"Christian Fischer als neuer Zivi ins Amt eingef\u00fchrt"},"content":{"rendered":"\n<p>Mit Christian Fischer aus Butzbach wurde jetzt der neue Zivildienstleistende der beiden evangelischen Kirchengemeinden Kirch-G\u00f6ns und Pohl-G\u00f6ns im Rahmen eines Gottesdienstes in sein Amt eingef\u00fchrt. Er l\u00f6ste den Kirch-G\u00f6nser Christian H\u00e4user ab, der ein Jahr lang die Gemeinden als Zivildienstleistender betreut hatte. W\u00e4hrend Christian H\u00e4user in dem Gottesdienst verabschiedet wurde und f\u00fcr seine hervorragende Arbeit ein Buchgeschenk erhielt, wurde Christian Fischer als neuer Zivi begr\u00fc\u00dft. Zum Einstieg in seine Arbeit bekam er eine Pflanze geschenkt. F\u00fcr ein Jahr wird Christian Fischer nun den Kirchengemeinden Kirch-\/Pohl-G\u00f6ns zur Verf\u00fcgung stehen. Seine haupts\u00e4chlichen Aufgaben sind: Fahrdienst f\u00fcr Seniorinnen und Senioren, die aus gesundheitlichen Gr\u00fcnden nicht in der Lage sind, allein Arztbesuche zu machen. Hierf\u00fcr steht das gemeindeeigene Auto zur Verf\u00fcgung. Weiter gibt er organisatorische Hilfe in der evangelischen Kindertagesst\u00e4tte in Pohl-G\u00f6ns sowie Begleitung von Konfirmandenfreizeiten und vieles anderes mehr. Wenn ein Gemeindemitglied Hilfe ben\u00f6tigt, kann es sich direkt \u00fcber Handy an Christian Fischer wenden oder auch an das Pfarramt. Hier kann man auch nachfragen, ob und wie im konkreten Fall geholfen werden kann.<\/p>\n\n\n<div class=\"wp-block-image\">\n<figure class=\"aligncenter size-full\"><img loading=\"lazy\" decoding=\"async\" width=\"512\" height=\"356\" src=\"https:\/\/875jahrekirchgoens.de\/wp-content\/uploads\/2025\/11\/grafik-329.png\" alt=\"\" class=\"wp-image-17928\" srcset=\"http:\/\/875jahrekirchgoens.de\/wp-content\/uploads\/2025\/11\/grafik-329.png 512w, http:\/\/875jahrekirchgoens.de\/wp-content\/uploads\/2025\/11\/grafik-329-300x209.png 300w\" sizes=\"auto, (max-width: 512px) 100vw, 512px\" \/><\/figure><\/div>\n\n\n<p class=\"has-text-align-center\">In einem Gottesdienst verabschiedete Pfarrer William um den <br>bisherigen Zivildienstleistenden Christian H\u00e4user(links) <br>und begr\u00fc\u00dfte mit Christian Fischer (rechts) den neuen (vgl. Bericht).<\/p>\n\n\n\n<p>Quelle und Bild: Butzbacher Zeitung vom 8. Oktober 2003<\/p>\n","protected":false},"excerpt":{"rendered":"<p>Mit Christian Fischer aus Butzbach wurde jetzt der neue Zivildienstleistende der beiden evangelischen Kirchengemeinden Kirch-G\u00f6ns und Pohl-G\u00f6ns im Rahmen eines Gottesdienstes in sein Amt eingef\u00fchrt. Er l\u00f6ste den Kirch-G\u00f6nser Christian H\u00e4user ab, der ein Jahr lang die Gemeinden als Zivildienstleistender betreut hatte. W\u00e4hrend Christian H\u00e4user in dem Gottesdienst verabschiedet wurde und f\u00fcr seine hervorragende Arbeit &#8230; <a title=\"Christian Fischer als neuer Zivi ins Amt eingef\u00fchrt\" class=\"read-more\" href=\"http:\/\/875jahrekirchgoens.de\/?p=17927\" aria-label=\"Mehr Informationen \u00fcber Christian Fischer als neuer Zivi ins Amt eingef\u00fchrt\">Weiterlesen<\/a><\/p>\n","protected":false},"author":1,"featured_media":0,"comment_status":"closed","ping_status":"open","sticky":false,"template":"","format":"standard","meta":{"footnotes":""},"categories":[1],"tags":[],"class_list":["post-17927","post","type-post","status-publish","format-standard","hentry","category-infos"],"_links":{"self":[{"href":"http:\/\/875jahrekirchgoens.de\/index.php?rest_route=\/wp\/v2\/posts\/17927","targetHints":{"allow":["GET"]}}],"collection":[{"href":"http:\/\/875jahrekirchgoens.de\/index.php?rest_route=\/wp\/v2\/posts"}],"about":[{"href":"http:\/\/875jahrekirchgoens.de\/index.php?rest_route=\/wp\/v2\/types\/post"}],"author":[{"embeddable":true,"href":"http:\/\/875jahrekirchgoens.de\/index.php?rest_route=\/wp\/v2\/users\/1"}],"replies":[{"embeddable":true,"href":"http:\/\/875jahrekirchgoens.de\/index.php?rest_route=%2Fwp%2Fv2%2Fcomments&post=17927"}],"version-history":[{"count":1,"href":"http:\/\/875jahrekirchgoens.de\/index.php?rest_route=\/wp\/v2\/posts\/17927\/revisions"}],"predecessor-version":[{"id":17929,"href":"http:\/\/875jahrekirchgoens.de\/index.php?rest_route=\/wp\/v2\/posts\/17927\/revisions\/17929"}],"wp:attachment":[{"href":"http:\/\/875jahrekirchgoens.de\/index.php?rest_route=%2Fwp%2Fv2%2Fmedia&parent=17927"}],"wp:term":[{"taxonomy":"category","embeddable":true,"href":"http:\/\/875jahrekirchgoens.de\/index.php?rest_route=%2Fwp%2Fv2%2Fcategories&post=17927"},{"taxonomy":"post_tag","embeddable":true,"href":"http:\/\/875jahrekirchgoens.de\/index.php?rest_route=%2Fwp%2Fv2%2Ftags&post=17927"}],"curies":[{"name":"wp","href":"https:\/\/api.w.org\/{rel}","templated":true}]}}