{"id":17931,"date":"2003-10-28T10:46:00","date_gmt":"2003-10-28T10:46:00","guid":{"rendered":"https:\/\/875jahrekirchgoens.de\/?p=17931"},"modified":"2025-11-27T10:47:23","modified_gmt":"2025-11-27T10:47:23","slug":"die-neuen-wuerdentraeger-der-kirch-goenser-schuetzen","status":"publish","type":"post","link":"http:\/\/875jahrekirchgoens.de\/?p=17931","title":{"rendered":"Die neuen W\u00fcrdentr\u00e4ger der Kirch-G\u00f6nser Sch\u00fctzen"},"content":{"rendered":"\n<p>Am Samstag er\u00f6ffneten die Kirch-G\u00f6nser Sch\u00fctzen um 20.15 Uhr die Jagd auf die K\u00f6nigsw\u00fcrden 2003\/04. Bereits eine Stunde sp\u00e4ter um 21.14 Uhr beendeten die Damen ihren Wettbewerb. Tanja Winter setzte den entscheidenden 74. Schuss und ist die neue Sch\u00fctzenk\u00f6nigin. Ihr zur Seite steht die Hofdame Ute M\u00f6ckel, die damit ihren Titel verteidigen konnte. Weitere 20 Minuten sp\u00e4ter fiel das Zepter. Stefan H\u00e4user gab den entscheidenden 113. Schuss ab und sicherte sich damit zum 2. Mal den Prinzen-Titel. Wesentlich l\u00e4nger brauchten die Herren f\u00fcr ihren Wettbewerb, um schlie\u00dflich um 22.16. Uhr auf kuriose Weise ihren K\u00f6nig zu ermitteln. Der amtierende Sch\u00fctzenk\u00f6nig versetzte der Krone mit dem 126. Schuss einen heftigen Sto\u00df, der sie zwar ins Wanken, jedoch nicht zu Fall brachte. Erst als der n\u00e4chste Sch\u00fctze bereits angetreten war und Klaus-Dieter Herbei schon wieder am Platz sa\u00df, fiel die Krone schlie\u00dflich ohne weitere Fremdeinwirkung. Damit hatte der Sch\u00fctzenk\u00f6nig seinen Titel erfolgreich verteidigt und regiert damit zum insgesamt 3. Mal die Kirch-G\u00f6nser Sch\u00fctzen. Zur Seite stehen ihm als 1. Ritter Dominik Wagner, der zum ersten Mal am Herrenwettbewerb teilnahm, und als 2. Ritter Hagen Heinz. Direkt im Anschluss an das Schie\u00dfen fand die Proklamation der W\u00fcrdentr\u00e4ger statt, die den Erfolg mit ihren Untertanen noch bis sp\u00e4t in die Nacht feierten.<\/p>\n\n\n<div class=\"wp-block-image\">\n<figure class=\"aligncenter size-full\"><img loading=\"lazy\" decoding=\"async\" width=\"718\" height=\"518\" src=\"https:\/\/875jahrekirchgoens.de\/wp-content\/uploads\/2025\/11\/grafik-330.png\" alt=\"\" class=\"wp-image-17932\" srcset=\"http:\/\/875jahrekirchgoens.de\/wp-content\/uploads\/2025\/11\/grafik-330.png 718w, http:\/\/875jahrekirchgoens.de\/wp-content\/uploads\/2025\/11\/grafik-330-300x216.png 300w\" sizes=\"auto, (max-width: 718px) 100vw, 718px\" \/><\/figure><\/div>\n\n\n<p class=\"has-text-align-center\">Die \u201ek\u00f6niglichen&#8220; Repr\u00e4sentanten der Kirch-G\u00f6nser Sch\u00fctzen 2003: (v.l.n.r.) <br>2. Ritter Hagen Heinz, Prinz Stefan H\u00e4user, K\u00f6nig Klaus-Dieter Herbel, <br>K\u00f6nigin Tanja Winter, 1. Ritter Dominik Wagner und Hofdame Ute M\u00f6ckel.<\/p>\n\n\n\n<p>Quelle und Bild: Butzbacher Zeitung vom 28. Oktober 2003<\/p>\n","protected":false},"excerpt":{"rendered":"<p>Am Samstag er\u00f6ffneten die Kirch-G\u00f6nser Sch\u00fctzen um 20.15 Uhr die Jagd auf die K\u00f6nigsw\u00fcrden 2003\/04. Bereits eine Stunde sp\u00e4ter um 21.14 Uhr beendeten die Damen ihren Wettbewerb. Tanja Winter setzte den entscheidenden 74. Schuss und ist die neue Sch\u00fctzenk\u00f6nigin. Ihr zur Seite steht die Hofdame Ute M\u00f6ckel, die damit ihren Titel verteidigen konnte. Weitere 20 &#8230; <a title=\"Die neuen W\u00fcrdentr\u00e4ger der Kirch-G\u00f6nser Sch\u00fctzen\" class=\"read-more\" href=\"http:\/\/875jahrekirchgoens.de\/?p=17931\" aria-label=\"Mehr Informationen \u00fcber Die neuen W\u00fcrdentr\u00e4ger der Kirch-G\u00f6nser Sch\u00fctzen\">Weiterlesen<\/a><\/p>\n","protected":false},"author":1,"featured_media":0,"comment_status":"closed","ping_status":"open","sticky":false,"template":"","format":"standard","meta":{"footnotes":""},"categories":[1],"tags":[],"class_list":["post-17931","post","type-post","status-publish","format-standard","hentry","category-infos"],"_links":{"self":[{"href":"http:\/\/875jahrekirchgoens.de\/index.php?rest_route=\/wp\/v2\/posts\/17931","targetHints":{"allow":["GET"]}}],"collection":[{"href":"http:\/\/875jahrekirchgoens.de\/index.php?rest_route=\/wp\/v2\/posts"}],"about":[{"href":"http:\/\/875jahrekirchgoens.de\/index.php?rest_route=\/wp\/v2\/types\/post"}],"author":[{"embeddable":true,"href":"http:\/\/875jahrekirchgoens.de\/index.php?rest_route=\/wp\/v2\/users\/1"}],"replies":[{"embeddable":true,"href":"http:\/\/875jahrekirchgoens.de\/index.php?rest_route=%2Fwp%2Fv2%2Fcomments&post=17931"}],"version-history":[{"count":1,"href":"http:\/\/875jahrekirchgoens.de\/index.php?rest_route=\/wp\/v2\/posts\/17931\/revisions"}],"predecessor-version":[{"id":17933,"href":"http:\/\/875jahrekirchgoens.de\/index.php?rest_route=\/wp\/v2\/posts\/17931\/revisions\/17933"}],"wp:attachment":[{"href":"http:\/\/875jahrekirchgoens.de\/index.php?rest_route=%2Fwp%2Fv2%2Fmedia&parent=17931"}],"wp:term":[{"taxonomy":"category","embeddable":true,"href":"http:\/\/875jahrekirchgoens.de\/index.php?rest_route=%2Fwp%2Fv2%2Fcategories&post=17931"},{"taxonomy":"post_tag","embeddable":true,"href":"http:\/\/875jahrekirchgoens.de\/index.php?rest_route=%2Fwp%2Fv2%2Ftags&post=17931"}],"curies":[{"name":"wp","href":"https:\/\/api.w.org\/{rel}","templated":true}]}}