{"id":17948,"date":"2004-03-16T10:59:00","date_gmt":"2004-03-16T10:59:00","guid":{"rendered":"https:\/\/875jahrekirchgoens.de\/?p=17948"},"modified":"2025-11-27T11:01:20","modified_gmt":"2025-11-27T11:01:20","slug":"in-pohl-goens-waren-die-aktiven","status":"publish","type":"post","link":"http:\/\/875jahrekirchgoens.de\/?p=17948","title":{"rendered":"In Pohl-G\u00f6ns waren die Aktiven \u2026"},"content":{"rendered":"\n<p>\u2026 des Heimat- und Backhausvereins Kirch-G\u00f6ns k\u00fcrzlich erschienen, um aus Anlass des 60. Geburtstages von Elke Besler zu n\u00e4chtlicher Stunde die Hausfront nach alter Vereinssitte mit allerlei Zierrat zu schm\u00fccken. Die Jubilarin besch\u00e4ftigt sich gerne mit der H\u00fcttenberger Tracht und konnte sich daher auf diesem Gebiet umfangreiche Kenntnisse aneignen. F\u00fcr ihren Verein hat sie schon viele Trachtenteile gen\u00e4ht und ausgebessert. Aus diesem Grund durften auch eine \u201eTroachtefraa\u201c in Arbeitstracht zusammen mit historischer N\u00e4hmaschine vor dem Hoftor nicht fehlen.<\/p>\n\n\n<div class=\"wp-block-image\">\n<figure class=\"aligncenter size-full\"><img loading=\"lazy\" decoding=\"async\" width=\"512\" height=\"352\" src=\"https:\/\/875jahrekirchgoens.de\/wp-content\/uploads\/2025\/11\/grafik-335.png\" alt=\"\" class=\"wp-image-17949\" srcset=\"http:\/\/875jahrekirchgoens.de\/wp-content\/uploads\/2025\/11\/grafik-335.png 512w, http:\/\/875jahrekirchgoens.de\/wp-content\/uploads\/2025\/11\/grafik-335-300x206.png 300w\" sizes=\"auto, (max-width: 512px) 100vw, 512px\" \/><\/figure><\/div>\n\n\n<p>Quelle und Bild: Archiv Heimat- und Backhausverein vom 16. M\u00e4rz 2004<\/p>\n","protected":false},"excerpt":{"rendered":"<p>\u2026 des Heimat- und Backhausvereins Kirch-G\u00f6ns k\u00fcrzlich erschienen, um aus Anlass des 60. Geburtstages von Elke Besler zu n\u00e4chtlicher Stunde die Hausfront nach alter Vereinssitte mit allerlei Zierrat zu schm\u00fccken. Die Jubilarin besch\u00e4ftigt sich gerne mit der H\u00fcttenberger Tracht und konnte sich daher auf diesem Gebiet umfangreiche Kenntnisse aneignen. F\u00fcr ihren Verein hat sie schon &#8230; <a title=\"In Pohl-G\u00f6ns waren die Aktiven \u2026\" class=\"read-more\" href=\"http:\/\/875jahrekirchgoens.de\/?p=17948\" aria-label=\"Mehr Informationen \u00fcber In Pohl-G\u00f6ns waren die Aktiven \u2026\">Weiterlesen<\/a><\/p>\n","protected":false},"author":1,"featured_media":0,"comment_status":"closed","ping_status":"open","sticky":false,"template":"","format":"standard","meta":{"footnotes":""},"categories":[1],"tags":[],"class_list":["post-17948","post","type-post","status-publish","format-standard","hentry","category-infos"],"_links":{"self":[{"href":"http:\/\/875jahrekirchgoens.de\/index.php?rest_route=\/wp\/v2\/posts\/17948","targetHints":{"allow":["GET"]}}],"collection":[{"href":"http:\/\/875jahrekirchgoens.de\/index.php?rest_route=\/wp\/v2\/posts"}],"about":[{"href":"http:\/\/875jahrekirchgoens.de\/index.php?rest_route=\/wp\/v2\/types\/post"}],"author":[{"embeddable":true,"href":"http:\/\/875jahrekirchgoens.de\/index.php?rest_route=\/wp\/v2\/users\/1"}],"replies":[{"embeddable":true,"href":"http:\/\/875jahrekirchgoens.de\/index.php?rest_route=%2Fwp%2Fv2%2Fcomments&post=17948"}],"version-history":[{"count":1,"href":"http:\/\/875jahrekirchgoens.de\/index.php?rest_route=\/wp\/v2\/posts\/17948\/revisions"}],"predecessor-version":[{"id":17950,"href":"http:\/\/875jahrekirchgoens.de\/index.php?rest_route=\/wp\/v2\/posts\/17948\/revisions\/17950"}],"wp:attachment":[{"href":"http:\/\/875jahrekirchgoens.de\/index.php?rest_route=%2Fwp%2Fv2%2Fmedia&parent=17948"}],"wp:term":[{"taxonomy":"category","embeddable":true,"href":"http:\/\/875jahrekirchgoens.de\/index.php?rest_route=%2Fwp%2Fv2%2Fcategories&post=17948"},{"taxonomy":"post_tag","embeddable":true,"href":"http:\/\/875jahrekirchgoens.de\/index.php?rest_route=%2Fwp%2Fv2%2Ftags&post=17948"}],"curies":[{"name":"wp","href":"https:\/\/api.w.org\/{rel}","templated":true}]}}