{"id":17953,"date":"2004-03-20T11:06:00","date_gmt":"2004-03-20T11:06:00","guid":{"rendered":"https:\/\/875jahrekirchgoens.de\/?p=17953"},"modified":"2025-11-27T11:07:18","modified_gmt":"2025-11-27T11:07:18","slug":"beliebter-seniorennachmittag","status":"publish","type":"post","link":"http:\/\/875jahrekirchgoens.de\/?p=17953","title":{"rendered":"Beliebter Seniorennachmittag"},"content":{"rendered":"\n<p>Der Heimat- und Backhausverein Kirch-G\u00f6ns bereitete k\u00fcrzlich den \u00e4lteren Mitgliedern und Besuchern wieder einen vergn\u00fcglichen Nachmittag im B\u00fcrgerhaus bei Kaffee, Backhauskuchen und einem kleinen Unterhaltungsprogramm. Das vom 1. Vorsitzenden G\u00fcnther Weber moderierte Programm bestand aus kleinen Sketchen und T\u00e4nzen der Vereinsjugend, au\u00dferdem trugen die Mitglieder Werner R\u00fchl und Marianne Volk (H\u00fcttenberg) Mundartgedichte vor. Auch der 1. Vorsitzende hatte Geschichten und \u201eVerz\u00e4hlches\u201c mitgebracht sowie einen besonderen Gru\u00df f\u00fcr Ortsvorsteher Peter Braasch. Gro\u00dfen Anklang bei den \u00e4lteren Besuchern fanden vor allem die t\u00e4nzerischen Einlagen der J\u00fcngsten, die von Simone Eckhard betreut werden. Zum Abschluss dankte Vorsitzender Weber vor allem der Schar der freiwilligen Helferinnen und Helfern, die in der K\u00fcche und hinter der Theke f\u00fcr den reibungslosen Ablauf der Veranstaltung gesorgt hatten. Der Seniorennachmittag sei immer wieder ein beliebter Treff, um sich gegenseitig auszutauschen und ein paar Stunden in gemeinsamer Runde zu verbringen, betonte Weber.<\/p>\n\n\n\n<figure class=\"wp-block-image size-full\"><img loading=\"lazy\" decoding=\"async\" width=\"1024\" height=\"313\" src=\"https:\/\/875jahrekirchgoens.de\/wp-content\/uploads\/2025\/11\/grafik-337.png\" alt=\"\" class=\"wp-image-17955\" srcset=\"http:\/\/875jahrekirchgoens.de\/wp-content\/uploads\/2025\/11\/grafik-337.png 1024w, http:\/\/875jahrekirchgoens.de\/wp-content\/uploads\/2025\/11\/grafik-337-300x92.png 300w, http:\/\/875jahrekirchgoens.de\/wp-content\/uploads\/2025\/11\/grafik-337-768x235.png 768w\" sizes=\"auto, (max-width: 1024px) 100vw, 1024px\" \/><\/figure>\n\n\n\n<p>Quelle und Bilder: Archiv Heimat- und Backhausverein vom 20. M\u00e4rz 2004<\/p>\n","protected":false},"excerpt":{"rendered":"<p>Der Heimat- und Backhausverein Kirch-G\u00f6ns bereitete k\u00fcrzlich den \u00e4lteren Mitgliedern und Besuchern wieder einen vergn\u00fcglichen Nachmittag im B\u00fcrgerhaus bei Kaffee, Backhauskuchen und einem kleinen Unterhaltungsprogramm. Das vom 1. Vorsitzenden G\u00fcnther Weber moderierte Programm bestand aus kleinen Sketchen und T\u00e4nzen der Vereinsjugend, au\u00dferdem trugen die Mitglieder Werner R\u00fchl und Marianne Volk (H\u00fcttenberg) Mundartgedichte vor. Auch der &#8230; <a title=\"Beliebter Seniorennachmittag\" class=\"read-more\" href=\"http:\/\/875jahrekirchgoens.de\/?p=17953\" aria-label=\"Mehr Informationen \u00fcber Beliebter Seniorennachmittag\">Weiterlesen<\/a><\/p>\n","protected":false},"author":1,"featured_media":0,"comment_status":"closed","ping_status":"open","sticky":false,"template":"","format":"standard","meta":{"footnotes":""},"categories":[1],"tags":[],"class_list":["post-17953","post","type-post","status-publish","format-standard","hentry","category-infos"],"_links":{"self":[{"href":"http:\/\/875jahrekirchgoens.de\/index.php?rest_route=\/wp\/v2\/posts\/17953","targetHints":{"allow":["GET"]}}],"collection":[{"href":"http:\/\/875jahrekirchgoens.de\/index.php?rest_route=\/wp\/v2\/posts"}],"about":[{"href":"http:\/\/875jahrekirchgoens.de\/index.php?rest_route=\/wp\/v2\/types\/post"}],"author":[{"embeddable":true,"href":"http:\/\/875jahrekirchgoens.de\/index.php?rest_route=\/wp\/v2\/users\/1"}],"replies":[{"embeddable":true,"href":"http:\/\/875jahrekirchgoens.de\/index.php?rest_route=%2Fwp%2Fv2%2Fcomments&post=17953"}],"version-history":[{"count":1,"href":"http:\/\/875jahrekirchgoens.de\/index.php?rest_route=\/wp\/v2\/posts\/17953\/revisions"}],"predecessor-version":[{"id":17956,"href":"http:\/\/875jahrekirchgoens.de\/index.php?rest_route=\/wp\/v2\/posts\/17953\/revisions\/17956"}],"wp:attachment":[{"href":"http:\/\/875jahrekirchgoens.de\/index.php?rest_route=%2Fwp%2Fv2%2Fmedia&parent=17953"}],"wp:term":[{"taxonomy":"category","embeddable":true,"href":"http:\/\/875jahrekirchgoens.de\/index.php?rest_route=%2Fwp%2Fv2%2Fcategories&post=17953"},{"taxonomy":"post_tag","embeddable":true,"href":"http:\/\/875jahrekirchgoens.de\/index.php?rest_route=%2Fwp%2Fv2%2Ftags&post=17953"}],"curies":[{"name":"wp","href":"https:\/\/api.w.org\/{rel}","templated":true}]}}