{"id":17958,"date":"2004-03-23T11:09:00","date_gmt":"2004-03-23T11:09:00","guid":{"rendered":"https:\/\/875jahrekirchgoens.de\/?p=17958"},"modified":"2025-11-27T11:10:39","modified_gmt":"2025-11-27T11:10:39","slug":"otto-zoerb-seit-75-jahren-im-gesangverein","status":"publish","type":"post","link":"http:\/\/875jahrekirchgoens.de\/?p=17958","title":{"rendered":"Otto Z\u00f6rb seit 75 Jahren im Gesangverein"},"content":{"rendered":"<div class=\"wp-block-image\">\n<figure class=\"aligncenter size-full\"><img loading=\"lazy\" decoding=\"async\" width=\"512\" height=\"481\" src=\"https:\/\/875jahrekirchgoens.de\/wp-content\/uploads\/2025\/11\/grafik-338.png\" alt=\"\" class=\"wp-image-17959\" srcset=\"http:\/\/875jahrekirchgoens.de\/wp-content\/uploads\/2025\/11\/grafik-338.png 512w, http:\/\/875jahrekirchgoens.de\/wp-content\/uploads\/2025\/11\/grafik-338-300x282.png 300w\" sizes=\"auto, (max-width: 512px) 100vw, 512px\" \/><\/figure><\/div>\n\n\n<p>Eine ganz seltene Vereinsehrung gab es dieser Tage in Dornholzhausen durch den Gesangverein 1862 Kirch-G\u00f6ns. Gesangsvereinsvorsitzender Peter Braasch (r.) und seine Stellvertreterin Hanni Frischmuth besuchten das \u00e4lteste noch lebende Mitglied des Vereins, Otto Z\u00f6rb (M.), der seinen Lebensabend im Haushalt seiner Tochter verbringt. Der 92-j\u00e4rhige trat im Januar 1928 vor \u00fcber 75 Jahren nach seiner Schulentlassung dem damaligen Gesangverein \u201eLiederkranz\u201c Kirch-G\u00f6ns bei. Zu dieser Zeit gab es im 700-Seelen-Ort sogar zwei Gesangsvereine mit zusammen 96 aktiven S\u00e4ngern. W\u00e4hrend der Nazizeit wurden beide Vereine zwangsvereint.<br>Otto Z\u00f6rb sang bis zum Anfang der sechziger Jahre aktiv mit, zun\u00e4chst im ersten, dann im zweiten Bass. Seither ist er passives Mitglied, der sich noch gut an den Gesangsunterricht in der Volksschule erinnern und die meisten der damals gelernten Volkslieder noch auswendig singen kann. Er wusste auch zu berichten, dass der Lehrer in der Kirch-G\u00f6nser Volksschule die Sch\u00fcler beim Singen auf der Geige begleitete und dass ihn sein Schulfreund Karl Diehl (\u201eWoanersch Karl\u201c) erstmals in die Singstunde des \u201eLiederkanz\u201c mitgenommen hatte. <\/p>\n\n\n\n<p>Quelle und Bild: Butzbacher Zeitung vom 23. M\u00e4rz 2004<\/p>\n","protected":false},"excerpt":{"rendered":"<p>Eine ganz seltene Vereinsehrung gab es dieser Tage in Dornholzhausen durch den Gesangverein 1862 Kirch-G\u00f6ns. Gesangsvereinsvorsitzender Peter Braasch (r.) und seine Stellvertreterin Hanni Frischmuth besuchten das \u00e4lteste noch lebende Mitglied des Vereins, Otto Z\u00f6rb (M.), der seinen Lebensabend im Haushalt seiner Tochter verbringt. Der 92-j\u00e4rhige trat im Januar 1928 vor \u00fcber 75 Jahren nach seiner &#8230; <a title=\"Otto Z\u00f6rb seit 75 Jahren im Gesangverein\" class=\"read-more\" href=\"http:\/\/875jahrekirchgoens.de\/?p=17958\" aria-label=\"Mehr Informationen \u00fcber Otto Z\u00f6rb seit 75 Jahren im Gesangverein\">Weiterlesen<\/a><\/p>\n","protected":false},"author":1,"featured_media":0,"comment_status":"closed","ping_status":"open","sticky":false,"template":"","format":"standard","meta":{"footnotes":""},"categories":[1],"tags":[],"class_list":["post-17958","post","type-post","status-publish","format-standard","hentry","category-infos"],"_links":{"self":[{"href":"http:\/\/875jahrekirchgoens.de\/index.php?rest_route=\/wp\/v2\/posts\/17958","targetHints":{"allow":["GET"]}}],"collection":[{"href":"http:\/\/875jahrekirchgoens.de\/index.php?rest_route=\/wp\/v2\/posts"}],"about":[{"href":"http:\/\/875jahrekirchgoens.de\/index.php?rest_route=\/wp\/v2\/types\/post"}],"author":[{"embeddable":true,"href":"http:\/\/875jahrekirchgoens.de\/index.php?rest_route=\/wp\/v2\/users\/1"}],"replies":[{"embeddable":true,"href":"http:\/\/875jahrekirchgoens.de\/index.php?rest_route=%2Fwp%2Fv2%2Fcomments&post=17958"}],"version-history":[{"count":1,"href":"http:\/\/875jahrekirchgoens.de\/index.php?rest_route=\/wp\/v2\/posts\/17958\/revisions"}],"predecessor-version":[{"id":17960,"href":"http:\/\/875jahrekirchgoens.de\/index.php?rest_route=\/wp\/v2\/posts\/17958\/revisions\/17960"}],"wp:attachment":[{"href":"http:\/\/875jahrekirchgoens.de\/index.php?rest_route=%2Fwp%2Fv2%2Fmedia&parent=17958"}],"wp:term":[{"taxonomy":"category","embeddable":true,"href":"http:\/\/875jahrekirchgoens.de\/index.php?rest_route=%2Fwp%2Fv2%2Fcategories&post=17958"},{"taxonomy":"post_tag","embeddable":true,"href":"http:\/\/875jahrekirchgoens.de\/index.php?rest_route=%2Fwp%2Fv2%2Ftags&post=17958"}],"curies":[{"name":"wp","href":"https:\/\/api.w.org\/{rel}","templated":true}]}}