{"id":17989,"date":"2025-12-18T08:36:22","date_gmt":"2025-12-18T08:36:22","guid":{"rendered":"http:\/\/875jahrekirchgoens.de\/?p=17989"},"modified":"2026-01-27T08:39:05","modified_gmt":"2026-01-27T08:39:05","slug":"stimmungsvoll-im-jubilaeumsjahr","status":"publish","type":"post","link":"http:\/\/875jahrekirchgoens.de\/?p=17989","title":{"rendered":"Stimmungsvoll im Jubil\u00e4umsjahr"},"content":{"rendered":"\n<p><em>Kirch-G\u00f6nser Weihnachtsmarkt zum 875-j\u00e4hrigen Bestehen des Orts gut besucht<\/em><\/p>\n\n\n\n<p>Zum Jahresende hat sich der 34. Kirch-G\u00f6nser Weihnachtsmarkt am dritten Advent in die zahlreichen Feierlichkeiten im Festjahr zum 875-j\u00e4hrigen Bestehen des n\u00f6rdlichsten Butzbacher Stadtteils eingereiht. In dem Festjahr mit vielen Veranstaltungen haben die Kirch-G\u00f6nser gezeigt, dass sie gut feiern k\u00f6nnen. So war auch dieser Weihnachtsmarkt wieder das Ziel vieler G\u00e4ste aus nah und fern. Bei dem umfangreichen Programm rund um den weihnachtlich geschm\u00fcckten Platz vor und im B\u00fcrgerhaus, der Kirche und dem historischen Backhaus mit seinem kulinarischen Angebot und Programm f\u00fcr Gro\u00df und Klein blieben keine W\u00fcnsche offen. Bereits am fr\u00fchen Nachmittag war der Weihnachtsmarkt sehr gut besucht. Am sp\u00e4ten Nachmittag bis in den Abend herrschte Hochbetrieb und die Standbesetzungen hatten alle H\u00e4nde voll zu tun, um den Besucheransturm zu bew\u00e4ltigen. Besonders beeindruckend und sch\u00f6n war es dann nach Einbruch der D\u00e4mmerung. Unter dem Sternenhimmel von 10 000 Lichtern lie\u00df es sich gem\u00fctlich feiern und auf die kommenden Festtage einstimmen. Mit dem Gottesdienst mit Pfarrer David Lieder drau\u00dfen vor der Kirche mit der musikalischen Begleitung von \u201eMichel &amp; Friends\u201c nahm der Tag seinen offiziellen Anfang. Frank Mader, Thomas M\u00fcller, Lukas Brandenburger und Sascha Beutler mit Trompeten, Tenorhorn und Saxofon sorgten mit ihren St\u00e4ndchen mit Weihnachtsliedern bereits zu Beginn f\u00fcr eine gute Einstimmung. Die Essens- und Getr\u00e4nkest\u00e4nde und Verkaufsbuden wurden ge\u00f6ffnet, das Kinderkarussell drehte seine Runden, kostenfrei f\u00fcr die Kinder. Auf dem Platz zwischen dem Backhaus, der Kirche und dem B\u00fcrgerhaus duftete es weihnachtlich und alles war stimmungsvoll dekoriert. F\u00fcr die Kleinen gab es den ganzen Tag ein tolles Programm, von dem nicht nur die Kinder, sondern auch die Eltern und Gro\u00dfeltern begeistert waren. Andrang herrschte beim Kinderschminken und weihnachtlichen Fotografieren im B\u00fcrgerhaus und drau\u00dfen am Lagerfeuer gab es leckeres Stockbrot. Als der Nikolaus in die Kirche kam und Geschenke an die Kleinen verteilte, war die Freude gro\u00df. Die Kinder sangen gemeinsam mit dem Nikolaus Weihnachtslieder. Es waren so viele Kinder mit ihren Eltern und Gro\u00dfeltern gekommen, dass alle Pl\u00e4tze in der Kirche besetzt waren. Aber auch f\u00fcr die Erwachsenen gab es keine Langeweile. Ein gem\u00fctlicher Bummel durch die kleine Budenstadt mit Kunsthandwerk hat sich f\u00fcr viele gelohnt. Da wurde noch das eine oder andere Weihnachtsgeschenk mitgenommen. Die Auswahl zwischen Holzdekoration, Schmuck und Weihnachtskarten fiel nicht leicht, aber es war f\u00fcr jeden Geschmack etwas dabei. Neben der Auswahl an vielf\u00e4ltigem Kunsthandwerk, Honig- und Bienenwachsprodukten lie\u00dfen auch die kulinarischen Spezialit\u00e4ten nichts zu w\u00fcnschen \u00fcbrig. Flammlachs vom offenen Feuer mit Eierbutter, Kirch-Gieser \u201eM\u00e4uslaibchen (ger\u00e4ucherte Bratwurst im Brotteig), marokkanische Leckereien, thail\u00e4ndisches Essen, aber auch die klassische Bratwurst, auch als Currywurst mit Pommes, Cr\u00eapes und Focaccia standen auf der Speisekarte. Zus\u00e4tzlich gab es Waffeln und zur Kaffeezeit wie gewohnt das gro\u00dfe Kuchenbuffet des Kindergartens und K\u00fckennests Kirch-G\u00f6ns im B\u00fcrgerhaus. Selbstverst\u00e4ndlich waren auch Gl\u00fchwein und sonstige Hei\u00dfgetr\u00e4nke wie z. B. Lumumba und andere leckere Mixgetr\u00e4nke im Angebot. Aber auch Kaltgetr\u00e4nke und Schn\u00e4pse trugen im beheizten Zelt zur guten Laune bei. Ein besonderer H\u00f6hepunkt war das kleine Konzert in der evangelischen Kirche, zu dem der Gospelchor \u201eLet it shine\u201c eingeladen hatte. Mit Weihnachtsliedern sowie einer kleinen Auswahl aus dem Repertoire des Gospelchors bekam das Publikum einiges geboten. Die Zuh\u00f6rer waren vom abwechslungsreichen Konzert unter der Chorleitung von Theresa Heinz begeistert und dankten dem Chor mit viel Applaus. Der bestens organisierte, kleine gem\u00fctliche Weihnachtsmarkt war wieder einen Besuch wert. Von den Besuchern gab es ein gro\u00dfes Lob f\u00fcr das Organisationsteam vom TV Vorw\u00e4rts Kirch-G\u00f6ns mit Andr\u00e9 F. Cannon, Judith D\u00f6ring, Sascha Klaus, Danny Lauer, Felix Maiwald, Alexandra Miebs, Michael Raschke, Patrick Roeske, Janek Weinmann, Michael Wellner und Mario Wilhelm. Ihnen ist es gelungen, auch den 34. Weihnachtsmarkt zu einem besonderen Ereignis im Kirch-G\u00f6nser Jubil\u00e4umsjahr f\u00fcr die Einwohner von Kirch-G\u00f6ns und die ausw\u00e4rtigen Besucher zu machen. Seit 2010 organisiert das Team den Weihnachtsmarkt mit diesem Angebot, und der TV Kirch-G\u00f6ns l\u00e4dt dazu ein. Sie bedanken sich bei den vielen Besuchern, aber auch noch einmal ausdr\u00fccklich bei den vielen Spendern f\u00fcr die Unterst\u00fctzung des Weihnachtsmarkts, ohne die die vielen Kinderaktivit\u00e4ten nicht m\u00f6glich w\u00e4ren.<\/p>\n\n\n\n<figure class=\"wp-block-image size-large\"><img loading=\"lazy\" decoding=\"async\" width=\"1024\" height=\"502\" src=\"http:\/\/875jahrekirchgoens.de\/wp-content\/uploads\/2026\/01\/Bild1-1024x502.jpg\" alt=\"\" class=\"wp-image-17990\" srcset=\"http:\/\/875jahrekirchgoens.de\/wp-content\/uploads\/2026\/01\/Bild1-1024x502.jpg 1024w, http:\/\/875jahrekirchgoens.de\/wp-content\/uploads\/2026\/01\/Bild1-300x147.jpg 300w, http:\/\/875jahrekirchgoens.de\/wp-content\/uploads\/2026\/01\/Bild1-768x376.jpg 768w, http:\/\/875jahrekirchgoens.de\/wp-content\/uploads\/2026\/01\/Bild1.jpg 1386w\" sizes=\"auto, (max-width: 1024px) 100vw, 1024px\" \/><\/figure>\n\n\n\n<p><br>\u00a0Auf dem Platz zwischen dem Backhaus, der Kirche und dem B\u00fcrgerhaus ist alles weihnachtlich dekoriert. Der Sternenhimmel mit 10 000 Lichterns sorgt bei Einbruch der Dunkelheit f\u00fcr eine stimmungsvolle Atmosph\u00e4re. F\u00fcr die J\u00fcngsten kommt der Nikolaus und es gibt Stockbrot.<\/p>\n\n\n\n<figure class=\"wp-block-image size-large\"><img loading=\"lazy\" decoding=\"async\" width=\"1024\" height=\"297\" src=\"http:\/\/875jahrekirchgoens.de\/wp-content\/uploads\/2026\/01\/Bild2-1024x297.jpg\" alt=\"\" class=\"wp-image-17991\" srcset=\"http:\/\/875jahrekirchgoens.de\/wp-content\/uploads\/2026\/01\/Bild2-1024x297.jpg 1024w, http:\/\/875jahrekirchgoens.de\/wp-content\/uploads\/2026\/01\/Bild2-300x87.jpg 300w, http:\/\/875jahrekirchgoens.de\/wp-content\/uploads\/2026\/01\/Bild2-768x223.jpg 768w, http:\/\/875jahrekirchgoens.de\/wp-content\/uploads\/2026\/01\/Bild2.jpg 1386w\" sizes=\"auto, (max-width: 1024px) 100vw, 1024px\" \/><\/figure>\n\n\n\n<p>Quelle und Bilder: Butzbacher Zeitung vom 18. Dezember 2025<\/p>\n","protected":false},"excerpt":{"rendered":"<p>Kirch-G\u00f6nser Weihnachtsmarkt zum 875-j\u00e4hrigen Bestehen des Orts gut besucht Zum Jahresende hat sich der 34. Kirch-G\u00f6nser Weihnachtsmarkt am dritten Advent in die zahlreichen Feierlichkeiten im Festjahr zum 875-j\u00e4hrigen Bestehen des n\u00f6rdlichsten Butzbacher Stadtteils eingereiht. In dem Festjahr mit vielen Veranstaltungen haben die Kirch-G\u00f6nser gezeigt, dass sie gut feiern k\u00f6nnen. So war auch dieser Weihnachtsmarkt wieder &#8230; <a title=\"Stimmungsvoll im Jubil\u00e4umsjahr\" class=\"read-more\" href=\"http:\/\/875jahrekirchgoens.de\/?p=17989\" aria-label=\"Mehr Informationen \u00fcber Stimmungsvoll im Jubil\u00e4umsjahr\">Weiterlesen<\/a><\/p>\n","protected":false},"author":1,"featured_media":0,"comment_status":"closed","ping_status":"open","sticky":false,"template":"","format":"standard","meta":{"footnotes":""},"categories":[1],"tags":[],"class_list":["post-17989","post","type-post","status-publish","format-standard","hentry","category-infos"],"_links":{"self":[{"href":"http:\/\/875jahrekirchgoens.de\/index.php?rest_route=\/wp\/v2\/posts\/17989","targetHints":{"allow":["GET"]}}],"collection":[{"href":"http:\/\/875jahrekirchgoens.de\/index.php?rest_route=\/wp\/v2\/posts"}],"about":[{"href":"http:\/\/875jahrekirchgoens.de\/index.php?rest_route=\/wp\/v2\/types\/post"}],"author":[{"embeddable":true,"href":"http:\/\/875jahrekirchgoens.de\/index.php?rest_route=\/wp\/v2\/users\/1"}],"replies":[{"embeddable":true,"href":"http:\/\/875jahrekirchgoens.de\/index.php?rest_route=%2Fwp%2Fv2%2Fcomments&post=17989"}],"version-history":[{"count":1,"href":"http:\/\/875jahrekirchgoens.de\/index.php?rest_route=\/wp\/v2\/posts\/17989\/revisions"}],"predecessor-version":[{"id":17992,"href":"http:\/\/875jahrekirchgoens.de\/index.php?rest_route=\/wp\/v2\/posts\/17989\/revisions\/17992"}],"wp:attachment":[{"href":"http:\/\/875jahrekirchgoens.de\/index.php?rest_route=%2Fwp%2Fv2%2Fmedia&parent=17989"}],"wp:term":[{"taxonomy":"category","embeddable":true,"href":"http:\/\/875jahrekirchgoens.de\/index.php?rest_route=%2Fwp%2Fv2%2Fcategories&post=17989"},{"taxonomy":"post_tag","embeddable":true,"href":"http:\/\/875jahrekirchgoens.de\/index.php?rest_route=%2Fwp%2Fv2%2Ftags&post=17989"}],"curies":[{"name":"wp","href":"https:\/\/api.w.org\/{rel}","templated":true}]}}