{"id":17003,"date":"1994-06-14T18:37:00","date_gmt":"1994-06-14T18:37:00","guid":{"rendered":"https:\/\/875jahrekirchgoens.de\/?p=17003"},"modified":"2025-11-12T18:38:50","modified_gmt":"2025-11-12T18:38:50","slug":"idealer-ort-zum-spielen-und-lernen","status":"publish","type":"post","link":"https:\/\/875jahrekirchgoens.de\/?p=17003","title":{"rendered":"Idealer Ort zum Spielen und Lernen"},"content":{"rendered":"\n<p><em>Kirch-G\u00f6nser Kindergarten feierte am Sonntag 25-j\u00e4hriges Bestehen \/ Hohes Lob<\/em><\/p>\n\n\n\n<p>Wie doch die Zeit vergeht. Bereits seinen 25. Geburtstag feierte am Sonntag bei gro\u00dfem Zuspruch der Bev\u00f6lkerung der Kirch-G\u00f6nser Kindergarten in der Gartenstra\u00dfe. \u201eKirch-G\u00f6ns\u201c ist stolz auf seinen Kindergarten\u201c titelte die BZ vor einem Vierteljahrhundert, und an diese Tatsache, das konnte jeder Besucher sehen und sp\u00fcren, hat sich bis auf den heutigen Tag nichts ge\u00e4ndert. Vielmehr steht l\u00e4ngst fest, dass auch die Stadt Butzbach die wertvolle p\u00e4dagogische Arbeit des Kindergartens sch\u00e4tzt und w\u00fcrdigt. Zu entnehmen war dieses \u00fcberaus positive Urteil der Gru\u00dfansprache vom B\u00fcrgermeister Klaus J\u00fcrgen Fricke im Rahmen einer kleinen Feierstunde am Sonntagmorgen, die der eigentlichen Geburtstagsfeier vorausging. Im Beisein der Eltern, des Kindergartenpersonals und weiterer Ehreng\u00e4ste wie Alt-B\u00fcrgermeister Reinhard Hanack, Ortsvorsteher Josef Giebl, Stadtrat Helmut R\u00fchl, den Stadtverordneten Bettina L\u00f6brich und Gerhard Langsdorf, Schulleiter Peter Warnke und Bauamtsmitarbeiter Gerhard Scheurich, ging Fricke auf die beispielhafte Arbeit des Kindergartens ein. Fricke nannte die Einrichtung ein \u201emusterg\u00fcltiges Aush\u00e4ngeschild\u201c f\u00fcr Butzbach, sowohl von der ruhigen Lage als auch von der kompetenten Leitung her. Die Eltern k\u00f6nnten immer sicher sein, dass ihre Kinder die bestm\u00f6gliche Betreuung erf\u00fchren. Seinen ausdr\u00fccklichen Dank richtete Fricke an den fr\u00fcheren Kirch-G\u00f6nser B\u00fcrgermeister Reinhard Hanack, der mit dem Bau des Kindergartens einen wichtigen zukunftsweisenden Schritt im Leben der Gemeinde getan habe. Auch weiterhin werde die Stadt alles tun, um die Arbeit ihres Paradekindergartens auch in Zukunft auf dem erstklassigen Niveau zu halten. Der Kirch-G\u00f6nser Kindergarten, so der Butzbacher B\u00fcrgermeister, strahle Leben aus und schaffe die entscheidenden Voraussetzungen f\u00fcr einen erfolgreichen \u00dcbergang in die Schule. Herzliche Gl\u00fcckw\u00fcnsche richtete Fricke an die Ebersg\u00f6nser Erzieherin Doris Sch\u00fctz, geborene Schiebel, die am Sonntag ihr 25j\u00e4hriges Dienstjubil\u00e4um feierte und seit 1969 die \u201egute Seele\u201c des Kindergartens sei. Die Reihe der Gratulanten, die der Kindergartenleiterin Monika Gr\u00f6nke und ihren Mitarbeiterinnen Doris Sch\u00fctz, Karin Giebl, Helga Glaum und Maja Gombert ihre herzlichen Gl\u00fcckw\u00fcnsche aussprachen, setzte Alt-B\u00fcrgermeister Reinhard Hanack fort, der in sehr pers\u00f6nlichen Worten an die erfolgreiche Geschichte des Kindergartens als einer von allen Einwohnern des Dorfes getragenen Einrichtungen sprach. Auch die Elternbeir\u00e4tinnen Betty Menk und Petra L\u00f6chsel sowie Anita R\u00f6hrig f\u00fcr die evangelische Kirchengemeinde, Schulrektor Peter Warnke und Ortsvorsteher Josef Giebl \u00fcberbrachten Dank und Anerkennung f\u00fcr die geleistete Arbeit zum Wohle der Kinder. Es m\u00fcsse schon etwas besonderes in Kirch-G\u00f6ns sein, dass die Mitarbeiterinnen so gerne bleiben w\u00fcrden, bekannte Kindergartenleiterin Monika Gr\u00f6nke, die insbesondere ihre Kollegin Doris Sch\u00fctz gratulierte, dass sie ihr ganzes bisheriges Berufsleben in Kirch-G\u00f6ns verbracht habe. Es seien die \u00e4u\u00dferen Bedingungen, die stimmten, denn der Kindergarten stehe dank des Weitblicks des fr\u00fcheren B\u00fcrgermeisters Hanack an einem idealen Ort, er sei gro\u00dfz\u00fcgig im Au\u00dfenbereich und ausbauf\u00e4hig im Innern. Auch nach 25 Jahren sei der Kindergarten durchaus noch als zeitgem\u00e4\u00df anzusehen. Hinzu komme die tatkr\u00e4ftige Unterst\u00fctzung durch die Stadt Butzbach durch die Eltern, deren zahlreiche und unerm\u00fcdliche Arbeitseins\u00e4tze f\u00fcr alle sichtbar seien, die Eins\u00e4tze bei Festen und Ausfl\u00fcgen nicht gerechnet. Zwei r\u00fchrige Helfer nannte Monika Gr\u00f6nke stellvertretend f\u00fcr alle: Bauamtsmitarbeiter Gerhard Scheurich, der immer ein offenes Ohr f\u00fcr den Kindergarten habe, und Gerd Giebl, der unz\u00e4hlige Schreiner- und Handwerksarbeiten in seiner Freizeit erledigt und in fas in jedem Raum seine Spuren hinterlassen habe. Wenn man Geburtstag feiere, so die Kindergartenleiterin, dann habe man einen Wunsch frei. Und so w\u00fcnsche sie s ich das \u201eunsere Kinder nicht unter der angespannten Haushaltslage leiden m\u00fcssen\u201c. Die Kinder verdienen es, auch weiterhin einen Kindergarten mit \u00fcberschaubarer Gruppengr\u00f6\u00dfe bis h\u00f6chstens 25 Kinder und mit einem angemessenen Personalschl\u00fcssel mit mindestens 1,5 Betreuungskr\u00e4ften pro Gruppe zu besuchen. \u201eWir wollen keinen Schichtbetrieb mit seinen negativen Folgen, nur um den Rechtsanspruch auf einen Kindergartenplatz formal zu erf\u00fcllen\u201c, betonte Monika Gr\u00f6nke weiter. Sie forderte vielmehr die positive Weiterentwicklung zur Kleingruppe und weg von der Bewahranstalt. Deshalb wollten die Kirch-G\u00f6nser ihren Kindergarten in der bestehenden Konzeption erhalten. Anschlie\u00dfend wurde im Au\u00dfenbereich bis in die Abendstunden gefeiert. Die Kinder hatten Spiele einstudiert. Der Kleintierzuchtverein pr\u00e4sentierte sein Hasenhaus und die Sch\u00e4ferei Binzer lebendige Wolltiere. Nach dem Mittagsessen fuhr Hans Bletz mit seiner Haflingerstute die Kinder bei Kutschfahrten durch Dorf und Gemarkung, und auch die Eltern hatten ein lustiges Theaterst\u00fcck einstudiert. Vielen Besucher nutzten auch die Gelegenheit, sich die Einrichtungen des Kindergartens und eine Dokumentation im Turnsaal anzusehen. Reges Interesse fand auch die faktenreiche Festschrift zum 25j\u00e4hrigen Jubil\u00e4um.<\/p>\n\n\n\n<figure class=\"wp-block-image size-full\"><img loading=\"lazy\" decoding=\"async\" width=\"1024\" height=\"364\" src=\"https:\/\/875jahrekirchgoens.de\/wp-content\/uploads\/2025\/11\/grafik-115.png\" alt=\"\" class=\"wp-image-17004\" srcset=\"https:\/\/875jahrekirchgoens.de\/wp-content\/uploads\/2025\/11\/grafik-115.png 1024w, https:\/\/875jahrekirchgoens.de\/wp-content\/uploads\/2025\/11\/grafik-115-300x107.png 300w, https:\/\/875jahrekirchgoens.de\/wp-content\/uploads\/2025\/11\/grafik-115-768x273.png 768w\" sizes=\"auto, (max-width: 1024px) 100vw, 1024px\" \/><\/figure>\n\n\n<div class=\"wp-block-image\">\n<figure class=\"aligncenter size-full\"><img loading=\"lazy\" decoding=\"async\" width=\"512\" height=\"352\" src=\"https:\/\/875jahrekirchgoens.de\/wp-content\/uploads\/2025\/11\/grafik-116.png\" alt=\"\" class=\"wp-image-17005\" srcset=\"https:\/\/875jahrekirchgoens.de\/wp-content\/uploads\/2025\/11\/grafik-116.png 512w, https:\/\/875jahrekirchgoens.de\/wp-content\/uploads\/2025\/11\/grafik-116-300x206.png 300w\" sizes=\"auto, (max-width: 512px) 100vw, 512px\" \/><\/figure><\/div>\n\n\n<p>Bilder vom Kirch-G\u00f6nser Kindergartenjubil\u00e4um. Links oben B\u00fcrgermeister Klaus J\u00fcrgen Fricke (rechts) und die Kindergarteng\u00e4rtnerinnen (von links) Karin Giebl, Helga Glaum, Monika Gr\u00f6nke (Leiterin) und Doris Sch\u00fctz, die ihr 25j\u00e4hriges Berufsjubil\u00e4um feierte, zusammen mit dem Kirch-G\u00f6nser Alt-B\u00fcrgermeister Reinhard Hanack. Rechts oben und unten: Nach dem offiziellen Teil kam die Kinder bei Spielen und Liedern im Au\u00dfengel\u00e4nde zum Zuge. Am Nachmittag lud Hans Bletz die Kinder ein zu Kutschfahrten mit dem Haflingerpferd durch Dorf und Gemarkung.<\/p>\n\n\n\n<p>Quelle und Bilder: Butzbacher Zeitung vom 14. Juni 1994<\/p>\n","protected":false},"excerpt":{"rendered":"<p>Kirch-G\u00f6nser Kindergarten feierte am Sonntag 25-j\u00e4hriges Bestehen \/ Hohes Lob Wie doch die Zeit vergeht. Bereits seinen 25. Geburtstag feierte am Sonntag bei gro\u00dfem Zuspruch der Bev\u00f6lkerung der Kirch-G\u00f6nser Kindergarten in der Gartenstra\u00dfe. \u201eKirch-G\u00f6ns\u201c ist stolz auf seinen Kindergarten\u201c titelte die BZ vor einem Vierteljahrhundert, und an diese Tatsache, das konnte jeder Besucher sehen und &#8230; <a title=\"Idealer Ort zum Spielen und Lernen\" class=\"read-more\" href=\"https:\/\/875jahrekirchgoens.de\/?p=17003\" aria-label=\"Mehr Informationen \u00fcber Idealer Ort zum Spielen und Lernen\">Weiterlesen<\/a><\/p>\n","protected":false},"author":1,"featured_media":0,"comment_status":"closed","ping_status":"open","sticky":false,"template":"","format":"standard","meta":{"footnotes":""},"categories":[1],"tags":[],"class_list":["post-17003","post","type-post","status-publish","format-standard","hentry","category-infos"],"_links":{"self":[{"href":"https:\/\/875jahrekirchgoens.de\/index.php?rest_route=\/wp\/v2\/posts\/17003","targetHints":{"allow":["GET"]}}],"collection":[{"href":"https:\/\/875jahrekirchgoens.de\/index.php?rest_route=\/wp\/v2\/posts"}],"about":[{"href":"https:\/\/875jahrekirchgoens.de\/index.php?rest_route=\/wp\/v2\/types\/post"}],"author":[{"embeddable":true,"href":"https:\/\/875jahrekirchgoens.de\/index.php?rest_route=\/wp\/v2\/users\/1"}],"replies":[{"embeddable":true,"href":"https:\/\/875jahrekirchgoens.de\/index.php?rest_route=%2Fwp%2Fv2%2Fcomments&post=17003"}],"version-history":[{"count":1,"href":"https:\/\/875jahrekirchgoens.de\/index.php?rest_route=\/wp\/v2\/posts\/17003\/revisions"}],"predecessor-version":[{"id":17006,"href":"https:\/\/875jahrekirchgoens.de\/index.php?rest_route=\/wp\/v2\/posts\/17003\/revisions\/17006"}],"wp:attachment":[{"href":"https:\/\/875jahrekirchgoens.de\/index.php?rest_route=%2Fwp%2Fv2%2Fmedia&parent=17003"}],"wp:term":[{"taxonomy":"category","embeddable":true,"href":"https:\/\/875jahrekirchgoens.de\/index.php?rest_route=%2Fwp%2Fv2%2Fcategories&post=17003"},{"taxonomy":"post_tag","embeddable":true,"href":"https:\/\/875jahrekirchgoens.de\/index.php?rest_route=%2Fwp%2Fv2%2Ftags&post=17003"}],"curies":[{"name":"wp","href":"https:\/\/api.w.org\/{rel}","templated":true}]}}