{"id":17011,"date":"1995-05-23T18:43:00","date_gmt":"1995-05-23T18:43:00","guid":{"rendered":"https:\/\/875jahrekirchgoens.de\/?p=17011"},"modified":"2025-11-12T18:44:45","modified_gmt":"2025-11-12T18:44:45","slug":"musikzug-kirch-goens-sammelte-in-litauen-unvergessliche-eindruecke","status":"publish","type":"post","link":"https:\/\/875jahrekirchgoens.de\/?p=17011","title":{"rendered":"Musikzug Kirch-G\u00f6ns sammelte in Litauen unvergessliche Eindr\u00fccke"},"content":{"rendered":"\n<p>\u201eDiese Reise w\u00fcrden wir sofort noch einmal antreten!\u201c war der einhellige Tenor der Kirch-G\u00f6nser Reisegruppe, die von einer nicht allt\u00e4glichen Oster-Tournee wohlbehalten in die Heimat zur\u00fcckkehrte. Unvergessliche Stationen warn Klaipeda (Memel) und Kurische Nehrung in Litauen, Riga, die Hauptstadt Lettlands, ehemals Ostpreu\u00dfen (Masuren) und Danzig. Land und Leute kennenlerne, Freude mit Musik \u00fcbermitteln, dies war der Grundgedanke einer 8t\u00e4gigen Unternehmung, die bei allen Teilnehmern bleibende Eindr\u00fccke hinterlassen hat. Freundschaften wurden geschlossen, Einladungen ausgesprochen. Nach dem Besuch der Insel R\u00fcgen mit Stubbenkammer und Kaiserstuhl trat man die Reise mit der Kombif\u00e4hre \u201eGreifswald\u201c (L\u00e4nge 190 m, Breite 28) ab dem Hafen Mukran, Richtung Klaipeda (Memel) an. 18 Stunden ruhige Seefahrt, 500 Kilometer auf der Ostsee, der k\u00fcrzesten und sch\u00f6nsten Verbindung zwischen Deutschland und dem Baltikum bedeutete eine reizvolle Reise f\u00fcr alle Teilnehmer. Ein stimmungsvoller Abend auf See mit dem Kapit\u00e4n und einem Teil der Mannschaft bildete den H\u00f6hepunkt der Seereise, die im Hafen von Klaipeda (Memel) endete. Klaipeda (Memel) ist die drittgr\u00f6\u00dfte Stadt Litauens mit etwa 200.000 Einwohner. Sie ist eine der gr\u00f6\u00dften Hafenst\u00e4dte des Baltikums, erstreckt sich am Kurischen Haff entlang, und liegt an beiden Seiten des Flusses Dange. Klaipedas wurde 1252 gegr\u00fcndet. Der Livl\u00e4ndische Ordensritter Eberhard von Stein l\u00e4sst an der M\u00fcndung der Dange eine Holzburg errichten und die sp\u00e4ter den Namen \u201eMemelburg\u201c und \u201eMemel\u201c bekam, da man annahm, bei den Kursichen Haff handele es sich um die M\u00fcndung der Memel. Klaipeda hat eine sehr wechselvolle Geschichte. 1939 fielen die Stadt und das Memelland durch das geheime Zusatzprotokoll des Hitler-Stalin-Paktes an Deutschland. 1945 zog die Rote Armee nach heftigen K\u00e4mpfen in Klaipeda ein. Ganz Lituauen wurde von der Sowejtunion annektiert. Am 13. Januar 1991 stimmten 79,39% der litauischen Bev\u00f6lkerung f\u00fcr Unabh\u00e4ngigkeit. Litauen, Lettland und Estland wurden wieder in die UNO aufgenommen. Eine Besichtigung der historischen Altstadt mit der Symbolfigur des alten Klaipeda, dem \u201e\u00c4nnchen von Tharau\u201c, auf dem neu gestalteten Theaterplatz, schloss sich an. 1989 wurde auf dem restaurierten Simon-Dach-Brunnen auf deutsche Initiative ein Nachbild des \u201eangenehmen M\u00e4dchens\u201c gegossen, das in den Kriegswirren verlorengegangen war. Der Memeler Dichter Simon Dach (1605 \u2013 1659) hat das bekannte Volkslied aus Anlass der Hochzeit der Pfarrerstochter von Tharau (jetzt Wladimirow im Kalingrader Gebiet) Anna Neander gedichtet. Ein zweist\u00fcndiges Konzert im Saal der \u201eKlaipedos Fillhalmonija\u201c unter der musikalischen Leitung von Karlheinz Velten, Friedberg, wird den Kirch-G\u00f6nser Musikern in bester Erinnerung bleiben, denn man konnte den Lohn f\u00fcr die intensive Trainingsarbeit in der Heimat durch den begeisterten Beifall der zahlreichen Besucher in Empfang nehmen. Vorsitzender Hanspeter Tiedemann f\u00fchrte durch das Programm, der stellvertretende Vorsitzende und Stadtrat Helmut R\u00fchl \u00fcberbrachte die Gr\u00fc\u00dfe des Magistrats der Stadt Butzbach in der Hoffnung, eine litauische Gruppe in der \u201ePerle der Wetterau\u201c begr\u00fc\u00dfen zu k\u00f6nnen. Die Kurische Nehrung (Neringa), eine 100 Km lange, 3 bis 5 Km breite Landzunge zwischen Litauen und Ru\u00dfland (Kalingrad\/K\u00f6nigsberg), davon 50 Km auf litauischer Seite, mit dem bekannten Orten Nida (Nidden) und Joudkrante (Schwarzort) war das Ziel des folgenden Tages. Die bis zu 60 Meter hohen Wanderd\u00fcnen und das Thomas-Mann-Haus, mit einer kleinen Ausstellung \u00fcber das Leben von Thomas Mann, der hier von 1930 \u2013 1932 seine Sommerferien verbrachte, waren die markantesten Punkte der heute unter Naturschutz stehenden Landzunge. Am Abend fand ein \u201edeutscher Abend\u201c mit dem Verein der Deutschen in Klaipeda statt. Nach einer musikalischen Reise durch Deutschland, dargeboten durch den Kirch-G\u00f6nser Musikzug, verbrachte man bei Kaffee und Kuchen noch einige gem\u00fctliche Stunden gemeinsam. Beeindruckend f\u00fcr alle war die herzliche Aufnahme durch den Deutschen Verein. Die Kirch-G\u00f6nser kam nicht mit leeren H\u00e4nden, sondern hatten in der Heimat zu Spenden aufgerufen. Die<\/p>\n\n\n\n<p>Vorsitzende des Deutschen Vereins, Magdalena Piklaps, dankte mit folgendem Schreiben den Kirch-G\u00f6nsern \u201eWir haben uns sehr an Ihrem Konzert gefreut. Unsere Leute waren begeistert. Es war ein wundersch\u00f6nes Ostergeschenk. Ihre Geschenke wurden von den Kindern nach der Osterversammlung verteilt und hat ihnen sehr viel Freude bereitet. Ich hoffe, dass die sch\u00f6ne Freundschaft, die geschlossen wurde, auch weiter gedeihen wird. M\u00f6gen ihre Herzen nie m\u00fcde werden und auch weiter Freude und W\u00e4rme den Menschen verteilen\u201c. Riga, die Hauptstadt Lettlands, und heimische Hauptstadt des gesamten Baltikums, mit ca. 900.000 Einwohnern, war n\u00e4chstes Ziel der Kirch-G\u00f6nser Gruppe. Vom 123 m hohen Turm der Petrilkirche, dem markantesten Bauwerk in der Skyline von Riga, hatte man einen wunderbaren Blick \u00fcber die Altstadt und den Hafen. Der Dom St. Marien, mit einer der gr\u00f6\u00dften Orgeln der Welt (6168 Pfeifen), das Schlo\u00df des livl\u00e4ndischen Ordnens, Mentzendorffhaus (ein ehemaliges Patrizierhaus aus dem 17. und 18. Jahrhundert), Freiheitsdenkmal, Schwedentor und die Altstadt mit ihren wunderbaren Jugendstilimpressionen waren weitere Sehensw\u00fcrdigkeiten, die durch eine lettische Fremdenf\u00fchrerin ausgiebig erl\u00e4utert wurden. Im Rigaer Dom traf man auf den Ministerpr\u00e4sidenten von Lettland, der eine Bildausstellung \u00fcber Kirchen in Lettland er\u00f6ffnete. Am Freitag wurde Klaipeda in Richtung Kaunas verlassen. Zwischenstation war der \u201eBerg der Kreuze\u201c, einst von Menschenhand geschaffen. Er ist ber\u00fchmter Wallfahrtsort in Litauen und wurde am 4. September 1993 von Pabst Johannes Paul II aufgesucht. Es ist ein einzigartiges Monument. Tausende von Kreuzen, die aus allen Teilen des Landes zusammengetragen und aufgestellt wurden, zieren seinen Gipfel. In Radviliski zwischen Siauliai und Panevezys wurde ein Berufsbildungswerk f\u00fcr lernbehinderte Jugendliche, das durch das Berufsbildungswerk S\u00fcdhessen in Karben unterst\u00fctzt wird, besichtigt. Bei einer F\u00fchrung durch die Werkst\u00e4tten konnte man sich vom Erfolg deutscher Unterst\u00fctzung in Litauen \u00fcberzeugen. Nach \u00fcberschreiten der litauischen Grenze bei Ogrodniki traf die Reisegruppe im Nordosten Polens, in der N\u00e4he der Stadt Lyck (Elck), dem Hauptort Masurens, ein. In Begleitung einer polnischen Reiseleitung f\u00fchre die Reiseroute an folgenden Tag entlang der Masurischen Seenplatte \u00fcber die Bischofsstadt Olsztyn (Allenstein), Ostroda (Osterode), Nikolajki (Nikolaiken) dem masurischen Vendedig\u201c, Elbag (Elbing), Malbork (Marienburg) Richtung Gdansk (Danzig). St\u00f6rche, eine Seltenheit in Deutschland konnten in gro\u00dfer Zahl entlang der Masurischen Seenplatte beobachtet werden. Eine Besichtigung Danzigs, der Seehauptstadt Polens, eine Stadt mit tausendj\u00e4hriger Geschichte, die in den Kriegswirren zu 90% zerst\u00f6rt wurde, mit wundersch\u00f6nen wiederaufgebauten B\u00fcrgerh\u00e4usern im Renaissancestil und gotischen Kirchen, Rathaus, Neptunbrunnen, goldenes Haus, langer Markt, gr\u00fcnes Tor und Heilig-Geist-Gasse schloss den Tag ab. \u00dcber Stettin und Berlin f\u00fchrte die Reise zur\u00fcck nach Kirch-G\u00f6ns. Durch pers\u00f6nliche Kontakte und Gespr\u00e4che in Klaipeda konnten sich alle Reiseteilnehmer einen Eindruck \u00fcber die zurzeit herrschende Armut in Litauen verschaffen. Die Zukunftsperspektiven sind zurzeit sehr schlecht. Dies zeigt eine steigende Selbstmordrate, besonders in l\u00e4ndlichem Gebiet, deutlich auf. Auch die politische Zukunft bereitet vielen Litauern zunehmend Sorgen. Verst\u00e4rkte Hilfe von au\u00dfen ist unbedingt erforderlich. Auch die Kirch-G\u00f6nser Musiker haben demn\u00e4chst einen Hilfstransport nach Klaipeda ins Auge gefasst. Hierzu m\u00f6chten sie zur gegebenen Zeit die Kirch-G\u00f6nser Bev\u00f6lkerung zu Spenden aufrufen. Hanspeter Tiedemann dankte Helmut R\u00fchl f\u00fcr die vorbildliche Organisation, Karlheinz Velten f\u00fcr die musikalische Leitung, dem Reiseunternehmen f\u00fcr die sichere Fahrt, sowie der litauischen Reiseleiterin, die an allen Tagen die Kirch-G\u00f6nser Gruppe betreute, ebenso allen Reiseteilnehmern, besonders der Jugend f\u00fcr ihr vorbildliches Verhalten und Auftreten.<\/p>\n\n\n\n<figure class=\"wp-block-image size-full\"><img loading=\"lazy\" decoding=\"async\" width=\"1024\" height=\"695\" src=\"https:\/\/875jahrekirchgoens.de\/wp-content\/uploads\/2025\/11\/grafik-117.png\" alt=\"\" class=\"wp-image-17012\" srcset=\"https:\/\/875jahrekirchgoens.de\/wp-content\/uploads\/2025\/11\/grafik-117.png 1024w, https:\/\/875jahrekirchgoens.de\/wp-content\/uploads\/2025\/11\/grafik-117-300x204.png 300w, https:\/\/875jahrekirchgoens.de\/wp-content\/uploads\/2025\/11\/grafik-117-768x521.png 768w\" sizes=\"auto, (max-width: 1024px) 100vw, 1024px\" \/><\/figure>\n\n\n\n<p>Litauen war das Ziel des Kirch-G\u00f6nser Musikzuges. Das Bild zeigt die Reisegruppe in Klaipeda (Mernel) vor dem Simon-Dach-Brunnen.<\/p>\n\n\n\n<p>Quelle: Butzbacher Zeitung vom 23. Mai 1995<\/p>\n\n\n\n<p>Bild: Musikzug Kirch-G\u00f6ns<\/p>\n","protected":false},"excerpt":{"rendered":"<p>\u201eDiese Reise w\u00fcrden wir sofort noch einmal antreten!\u201c war der einhellige Tenor der Kirch-G\u00f6nser Reisegruppe, die von einer nicht allt\u00e4glichen Oster-Tournee wohlbehalten in die Heimat zur\u00fcckkehrte. Unvergessliche Stationen warn Klaipeda (Memel) und Kurische Nehrung in Litauen, Riga, die Hauptstadt Lettlands, ehemals Ostpreu\u00dfen (Masuren) und Danzig. Land und Leute kennenlerne, Freude mit Musik \u00fcbermitteln, dies war &#8230; <a title=\"Musikzug Kirch-G\u00f6ns sammelte in Litauen unvergessliche Eindr\u00fccke\" class=\"read-more\" href=\"https:\/\/875jahrekirchgoens.de\/?p=17011\" aria-label=\"Mehr Informationen \u00fcber Musikzug Kirch-G\u00f6ns sammelte in Litauen unvergessliche Eindr\u00fccke\">Weiterlesen<\/a><\/p>\n","protected":false},"author":1,"featured_media":0,"comment_status":"closed","ping_status":"open","sticky":false,"template":"","format":"standard","meta":{"footnotes":""},"categories":[1],"tags":[],"class_list":["post-17011","post","type-post","status-publish","format-standard","hentry","category-infos"],"_links":{"self":[{"href":"https:\/\/875jahrekirchgoens.de\/index.php?rest_route=\/wp\/v2\/posts\/17011","targetHints":{"allow":["GET"]}}],"collection":[{"href":"https:\/\/875jahrekirchgoens.de\/index.php?rest_route=\/wp\/v2\/posts"}],"about":[{"href":"https:\/\/875jahrekirchgoens.de\/index.php?rest_route=\/wp\/v2\/types\/post"}],"author":[{"embeddable":true,"href":"https:\/\/875jahrekirchgoens.de\/index.php?rest_route=\/wp\/v2\/users\/1"}],"replies":[{"embeddable":true,"href":"https:\/\/875jahrekirchgoens.de\/index.php?rest_route=%2Fwp%2Fv2%2Fcomments&post=17011"}],"version-history":[{"count":1,"href":"https:\/\/875jahrekirchgoens.de\/index.php?rest_route=\/wp\/v2\/posts\/17011\/revisions"}],"predecessor-version":[{"id":17013,"href":"https:\/\/875jahrekirchgoens.de\/index.php?rest_route=\/wp\/v2\/posts\/17011\/revisions\/17013"}],"wp:attachment":[{"href":"https:\/\/875jahrekirchgoens.de\/index.php?rest_route=%2Fwp%2Fv2%2Fmedia&parent=17011"}],"wp:term":[{"taxonomy":"category","embeddable":true,"href":"https:\/\/875jahrekirchgoens.de\/index.php?rest_route=%2Fwp%2Fv2%2Fcategories&post=17011"},{"taxonomy":"post_tag","embeddable":true,"href":"https:\/\/875jahrekirchgoens.de\/index.php?rest_route=%2Fwp%2Fv2%2Ftags&post=17011"}],"curies":[{"name":"wp","href":"https:\/\/api.w.org\/{rel}","templated":true}]}}