{"id":17081,"date":"1998-02-17T20:22:00","date_gmt":"1998-02-17T20:22:00","guid":{"rendered":"https:\/\/875jahrekirchgoens.de\/?p=17081"},"modified":"2025-11-12T20:23:41","modified_gmt":"2025-11-12T20:23:41","slug":"vorsitzender-hagen-heinz-wiedergewaehlt","status":"publish","type":"post","link":"https:\/\/875jahrekirchgoens.de\/?p=17081","title":{"rendered":"Vorsitzender Hagen Heinz wiedergew\u00e4hlt"},"content":{"rendered":"\n<p><em>Sch\u00fctzenverein Kirch-G\u00f6ns wird sich aktiv an 850-Jahrfeier beteiligen \/ Beitrag bleibt stabil<\/em><\/p>\n\n\n\n<p>Zehn Jahre sei er nun im Amt, bekannte Hagen Heinz, der Vorsitzende des Sch\u00fctzenvereins Kirch\u00ad G\u00f6ns, und eigentlich wolle er wegen seiner gestiegenen beruflichen Belastung so langsam ans Aufh\u00f6ren denken. Aber die gute Kooperation im Verein und vor allem die 850-Jahr-Feier im Jahr 2000 h\u00e4tten ihn bewogen, doch noch eine Wahlperiode dranzuh\u00e4ngen. Und so wurde der 50j\u00e4hrige Diplom\u00ad Ingenieur und Architekt in geheimer Wahl in seinem Amt mit gro\u00dfer Mehrheit best\u00e4tigt. Von den abgegebenen 22 Stimmen konnte Heinz 21 Ja bei einem Nein auf sich vereinigen.<a> <\/a>Dieser Wahlgang war der einzige, den die Tagesordnung der Jahreshauptversammlung vorsah. So standen diesmal die Vorstandsberichte mehr im Vordergrund der Sitzung, deren relativ schwacher Besuch, es fehlten zur allgemeinen Entt\u00e4uschung vor allem eine ganze Reihe von aktiven Schie\u00dfsportlern, negativ auf\u00ad fiel. Daf\u00fcr hatten sich eine Reihe von Ehrenmitgliedern, an ihrer Spitze der langj\u00e4hrige Vorsitzende Helmuth Heinz, sowie der m\u00e4nnliche Teil der K\u00f6nigsfamilie eingefunden. Die sportliche Bilanz \u00fcberlie\u00df Vorsitzender Heinz Sch\u00fctzenmeister G\u00fcnther M\u00fcller. Daf\u00fcr widmete er sich mehr dem geselligen Vereinsleben und den Arbeitseins\u00e4tzen an der Sch\u00fctzenhalle. Sehr gut angekommen sei der Neujahrsempfang, mit dem man die bisherige Weihnachtsfeier abgel\u00f6st habe, deren mangelnde Besucherzahlen angesichts einer F\u00fclle von konkuierrenden Veranstaltungen im Dorf auch in Zukunft nicht h\u00e4tten abgestellt werden k\u00f6nnen. In diesem Zusammenhang kritisierte Heinz Gruppierungen, die sich trotz der Absprache innerhalb der Interessengemeinschaft der Ortsvereine und des gemeinsam erarbeiteten Terminkalenders an keinerlei Abmachungen halten und ihre Veranstaltungen willk\u00fcrlich auf schon besetzte Tage legen w\u00fcrden. H\u00f6hepunkt im geselligen Vereinsleben sei der Sch\u00fctzenball mit der Proklamation der neuen K\u00f6nigsfamilie gewesen, Und auch das Ortsvereinsschie\u00dfen habe wieder eine beachtliche Teilnehmerzahl verzeichnen k\u00f6nnen. Man sei aber dabei, \u00fcber ein neues Konzept nachzudenken, das mehr Spannung und einen och regere Teilnahme verspreche. Ansonsten sei das Vereinsleben in normalen Bahnen verlaufen. Gelegenheit zu Training und Kommunikation gebe es jeden Montag und Freitag. H\u00f6chst erfreulich sei, so Heinz, dass sich die-Jugendabteilung mit ihrem Leiter Christian M\u00fcll voll in das Geschehen integriert habe. Dankenswerterweise h\u00e4tten die jugendlichen Sch\u00fctzen auch den Bewirtschaftungsservice der Jahreshauptversammlung \u00fcbernommen. Investiert werden musste im abgelaufenen Jahr auch wieder in betr\u00e4chtlichem Ma\u00dfe in die bauliche Unterhaltung der Sch\u00fctzenhalle. Leider h\u00e4tten die Schie\u00dfsportler nicht das Gl\u00fcck von Fu\u00dfballern, Handballern und anderen Athleten, die Sportst\u00e4tten kostenlos benutzen k\u00f6nnten und auch f\u00fcr Reparaturen oder Neuanschaffungen in der Regel nicht aufkommen m\u00fcssten. Obwohl der Verein durch diese Investitionen sowie durch\u00b7 die gestiegenen Abgaben an die \u00fcber\u00f6rtlichen Verb\u00e4nde und den Landessportbund sowie durch die Streichung der Vereinszusch\u00fcsse durch die Stadt Butzbach in diesem Jahr ein Minus erwirtschaftet habe, das zwinge, auf die R\u00fccklagen zur\u00fcckzugreifen, werde man den Jahresbeitrag, so Heinz, nicht erh\u00f6hen. Die Aufforderung ergehe aber an Mitglieder und Freunde, durch den verst\u00e4rkten Besuch von geselligen Veranstaltungen etwas gegen die Ebbe in der Vereinskasse zu tun. Deren Stand schilderte anschlie\u00dfend Rechnerin Ingrid Herbel, deren, Bilanzf\u00fchrung von Kassenpr\u00fcfer Karsten M\u00fcller als \u201evorbildlich&#8220; bezeichnet wurde. Deutschen Sch\u00fctzenbundes. Einstimmig wurde nach einer l\u00e4ngeren Diskussion \u00fcber den Ankauf neuer Waffen der Haushaltsplan 1998 angenommen. Nach der einstimmigen Entlastung des h\u00e4tten die jugendlichen Sch\u00fctzen auch Vorstandes und der Wahl von Jan Osthold zum neuen Kassenpr\u00fcfer f\u00fcr Stefanie Parchmann, ehrte Vorsitzender Heinz den Aktiven Kurt Hartig f\u00fcr dessen zehnj\u00e4hrige sportliche Laufbahn mit der silbernen Ehrennadel des Deutschen Sch\u00fctzenbundes. Einstimmig wurde nach einer l\u00e4ngeren Diskussion \u00fcber den Ankauf neuer Waffen der Haushaltsplan 1998 angenommen. An den Veranstaltungen zum Kirch\u00ad G\u00f6nser Dorfjubil\u00e4um wird sich der Sch\u00fctzenverein ebenfalls beteiligen. Es ist die Erstellung eines Videofilms \u00fcber Kirch-G\u00f6ns geplant. Mit dieser Aufgabe will der Sch\u00fctzenverein, der f\u00fcr diese Aufgabe verantwortlich zeichnet, ein Profi\u00ad Unternehmen, das noch gefunden werden muss, betrauen. Die Jahreshauptversammlung ging nach dem Schlusswort des alten und neuen Vorsitzenden mit einem gem\u00fctlichen Beisammensein zu Ende.<\/p>\n\n\n\n<figure class=\"wp-block-image size-full\"><img loading=\"lazy\" decoding=\"async\" width=\"1024\" height=\"373\" src=\"https:\/\/875jahrekirchgoens.de\/wp-content\/uploads\/2025\/11\/grafik-135.png\" alt=\"\" class=\"wp-image-17082\" srcset=\"https:\/\/875jahrekirchgoens.de\/wp-content\/uploads\/2025\/11\/grafik-135.png 1024w, https:\/\/875jahrekirchgoens.de\/wp-content\/uploads\/2025\/11\/grafik-135-300x109.png 300w, https:\/\/875jahrekirchgoens.de\/wp-content\/uploads\/2025\/11\/grafik-135-768x280.png 768w\" sizes=\"auto, (max-width: 1024px) 100vw, 1024px\" \/><\/figure>\n\n\n\n<p>Nach zehn Jahren T\u00e4tigkeit wurde der Vorsitzende des Sch\u00fctzenvereins Kirch-G\u00f6ns, Hagen Heinz (links), von der Mitgliederversammlung in seinem Amt bis zum Jahr 2000 best\u00e4tigt. Die silberne Ehrennadel des Deutschen Sch\u00fctzenbundes gab es f\u00fcr den Aktiven Kurt Hartig (rechts), der seit ebenfalls zehn Jahren erfolgreich auf die Ringe zielt.<\/p>\n\n\n\n<p>Quelle und Bilder. Butzbacher Zeitung vom 17. Februar 1998<\/p>\n","protected":false},"excerpt":{"rendered":"<p>Sch\u00fctzenverein Kirch-G\u00f6ns wird sich aktiv an 850-Jahrfeier beteiligen \/ Beitrag bleibt stabil Zehn Jahre sei er nun im Amt, bekannte Hagen Heinz, der Vorsitzende des Sch\u00fctzenvereins Kirch\u00ad G\u00f6ns, und eigentlich wolle er wegen seiner gestiegenen beruflichen Belastung so langsam ans Aufh\u00f6ren denken. Aber die gute Kooperation im Verein und vor allem die 850-Jahr-Feier im Jahr &#8230; <a title=\"Vorsitzender Hagen Heinz wiedergew\u00e4hlt\" class=\"read-more\" href=\"https:\/\/875jahrekirchgoens.de\/?p=17081\" aria-label=\"Mehr Informationen \u00fcber Vorsitzender Hagen Heinz wiedergew\u00e4hlt\">Weiterlesen<\/a><\/p>\n","protected":false},"author":1,"featured_media":0,"comment_status":"closed","ping_status":"open","sticky":false,"template":"","format":"standard","meta":{"footnotes":""},"categories":[1],"tags":[],"class_list":["post-17081","post","type-post","status-publish","format-standard","hentry","category-infos"],"_links":{"self":[{"href":"https:\/\/875jahrekirchgoens.de\/index.php?rest_route=\/wp\/v2\/posts\/17081","targetHints":{"allow":["GET"]}}],"collection":[{"href":"https:\/\/875jahrekirchgoens.de\/index.php?rest_route=\/wp\/v2\/posts"}],"about":[{"href":"https:\/\/875jahrekirchgoens.de\/index.php?rest_route=\/wp\/v2\/types\/post"}],"author":[{"embeddable":true,"href":"https:\/\/875jahrekirchgoens.de\/index.php?rest_route=\/wp\/v2\/users\/1"}],"replies":[{"embeddable":true,"href":"https:\/\/875jahrekirchgoens.de\/index.php?rest_route=%2Fwp%2Fv2%2Fcomments&post=17081"}],"version-history":[{"count":1,"href":"https:\/\/875jahrekirchgoens.de\/index.php?rest_route=\/wp\/v2\/posts\/17081\/revisions"}],"predecessor-version":[{"id":17083,"href":"https:\/\/875jahrekirchgoens.de\/index.php?rest_route=\/wp\/v2\/posts\/17081\/revisions\/17083"}],"wp:attachment":[{"href":"https:\/\/875jahrekirchgoens.de\/index.php?rest_route=%2Fwp%2Fv2%2Fmedia&parent=17081"}],"wp:term":[{"taxonomy":"category","embeddable":true,"href":"https:\/\/875jahrekirchgoens.de\/index.php?rest_route=%2Fwp%2Fv2%2Fcategories&post=17081"},{"taxonomy":"post_tag","embeddable":true,"href":"https:\/\/875jahrekirchgoens.de\/index.php?rest_route=%2Fwp%2Fv2%2Ftags&post=17081"}],"curies":[{"name":"wp","href":"https:\/\/api.w.org\/{rel}","templated":true}]}}