{"id":17246,"date":"2001-05-29T15:47:00","date_gmt":"2001-05-29T15:47:00","guid":{"rendered":"https:\/\/875jahrekirchgoens.de\/?p=17246"},"modified":"2025-11-14T15:48:35","modified_gmt":"2025-11-14T15:48:35","slug":"die-bevoelkerung-wurde-mit-musik-geweckt","status":"publish","type":"post","link":"https:\/\/875jahrekirchgoens.de\/?p=17246","title":{"rendered":"Die Bev\u00f6lkerung wurde mit Musik geweckt"},"content":{"rendered":"\n<p><em>Musikalischer Fr\u00fchschoppen war ein voller Erfolg<\/em><\/p>\n\n\n\n<p>Ein voller Erfolg war der sonnt\u00e4gliche musikalische Fr\u00fchschoppen des Kirch-G\u00f6nser Musikzuges, mit dem die dreit\u00e4gige Feier anl\u00e4sslich seines 40. Geburtstages ausklang. Sechs Musikgruppen brannten beim Fr\u00fchschoppen in der Mehrzweckhalle Kirch-\/Pohl-G\u00f6ns ein musikalisches Feuerwerk ab. Ab acht Uhr in der Fr\u00fche weckten der Spielmannszug Horneburg und der Musikverein Tillmitsch die Einwohner von Kirch-G\u00f6ns und Pohl-G\u00f6ns mit klingendem Spiel zum Fr\u00fchschoppen. Bei einem Halt in der Kirch-G\u00f6nser Bahnhofstra\u00dfe brachten beide Musikgruppen der Vereinswirtin des Musikzuges ein St\u00e4ndchen. Toni Maiwald hatte tags zuvor Geburtstag. Hanspeter Tiedemann, der 1. Vorsitzende des Musikzuges und die Musiker \u00fcberbrachten mit dem St\u00e4ndchen ihre Geburtstagsgl\u00fcckw\u00fcnsche. Nach einem gemeinsamen Fr\u00fchst\u00fcck in der Aula der Mittelpunktschule ging es in die Mehrzweckhalle zum musikalischen Fr\u00fchschoppen. Den Beginn machten die Oldies und das Spielleuteorchester der Freiwilligen Feuerwehr Pohl-G\u00f6ns. Danach war der Musikverein Tillmitsch mit einigen St\u00fccken an der Reihe. Nach ihrer Darbietung blieben den \u00f6sterreichischen Musikern aus der Steiermark nur noch wenig Zeit beim Fr\u00fchschoppen, bei dem zu diesem Zeitpunkt die Feuerwehrkapelle Oppershofen-Rockenberg aufspielte. Dann hie\u00df es f\u00fcr die Tillmitscher Abschied nehmen, der Weg bis in die Steiermark war noch weit. Nach den Musikern aus Oppershofen-Rockenberg gab der Spielmannszug Horneburg erneut eine Probe seines hervorragenden K\u00f6nnens, bevor auch diese Musiker die R\u00fcckreise per Bus antreten mussten.<\/p>\n\n\n<div class=\"wp-block-image\">\n<figure class=\"aligncenter size-full\"><img loading=\"lazy\" decoding=\"async\" width=\"512\" height=\"369\" src=\"https:\/\/875jahrekirchgoens.de\/wp-content\/uploads\/2025\/11\/grafik-171.png\" alt=\"\" class=\"wp-image-17247\" srcset=\"https:\/\/875jahrekirchgoens.de\/wp-content\/uploads\/2025\/11\/grafik-171.png 512w, https:\/\/875jahrekirchgoens.de\/wp-content\/uploads\/2025\/11\/grafik-171-300x216.png 300w\" sizes=\"auto, (max-width: 512px) 100vw, 512px\" \/><\/figure><\/div>\n\n\n<p>Anschlie\u00dfend sorgte der Musikzug der Feuerwehr Holzheim-Pohlheim f\u00fcr z\u00fcnftige Stimmung unter den Besuchern des Fr\u00fchschoppens, die zu den Kl\u00e4ngen des Musikvereins Hoch-Weisel noch bis in den fr\u00fchen Abend hinein den 40. Geburtstag des Kirch-G\u00f6nser Musikzuges feierten.<\/p>\n\n\n\n<p>Beim Fr\u00fchschoppen am Sonntag wirkte u. a. das Spielleuteorchester Pohl-G\u00f6ns mit. <\/p>\n\n\n\n<p>Quelle und Bild: Butzbacher Zeitung vom 29. Mai 2001<\/p>\n\n\n\n<p><\/p>\n","protected":false},"excerpt":{"rendered":"<p>Musikalischer Fr\u00fchschoppen war ein voller Erfolg Ein voller Erfolg war der sonnt\u00e4gliche musikalische Fr\u00fchschoppen des Kirch-G\u00f6nser Musikzuges, mit dem die dreit\u00e4gige Feier anl\u00e4sslich seines 40. Geburtstages ausklang. Sechs Musikgruppen brannten beim Fr\u00fchschoppen in der Mehrzweckhalle Kirch-\/Pohl-G\u00f6ns ein musikalisches Feuerwerk ab. Ab acht Uhr in der Fr\u00fche weckten der Spielmannszug Horneburg und der Musikverein Tillmitsch die &#8230; <a title=\"Die Bev\u00f6lkerung wurde mit Musik geweckt\" class=\"read-more\" href=\"https:\/\/875jahrekirchgoens.de\/?p=17246\" aria-label=\"Mehr Informationen \u00fcber Die Bev\u00f6lkerung wurde mit Musik geweckt\">Weiterlesen<\/a><\/p>\n","protected":false},"author":1,"featured_media":0,"comment_status":"closed","ping_status":"open","sticky":false,"template":"","format":"standard","meta":{"footnotes":""},"categories":[1],"tags":[],"class_list":["post-17246","post","type-post","status-publish","format-standard","hentry","category-infos"],"_links":{"self":[{"href":"https:\/\/875jahrekirchgoens.de\/index.php?rest_route=\/wp\/v2\/posts\/17246","targetHints":{"allow":["GET"]}}],"collection":[{"href":"https:\/\/875jahrekirchgoens.de\/index.php?rest_route=\/wp\/v2\/posts"}],"about":[{"href":"https:\/\/875jahrekirchgoens.de\/index.php?rest_route=\/wp\/v2\/types\/post"}],"author":[{"embeddable":true,"href":"https:\/\/875jahrekirchgoens.de\/index.php?rest_route=\/wp\/v2\/users\/1"}],"replies":[{"embeddable":true,"href":"https:\/\/875jahrekirchgoens.de\/index.php?rest_route=%2Fwp%2Fv2%2Fcomments&post=17246"}],"version-history":[{"count":1,"href":"https:\/\/875jahrekirchgoens.de\/index.php?rest_route=\/wp\/v2\/posts\/17246\/revisions"}],"predecessor-version":[{"id":17248,"href":"https:\/\/875jahrekirchgoens.de\/index.php?rest_route=\/wp\/v2\/posts\/17246\/revisions\/17248"}],"wp:attachment":[{"href":"https:\/\/875jahrekirchgoens.de\/index.php?rest_route=%2Fwp%2Fv2%2Fmedia&parent=17246"}],"wp:term":[{"taxonomy":"category","embeddable":true,"href":"https:\/\/875jahrekirchgoens.de\/index.php?rest_route=%2Fwp%2Fv2%2Fcategories&post=17246"},{"taxonomy":"post_tag","embeddable":true,"href":"https:\/\/875jahrekirchgoens.de\/index.php?rest_route=%2Fwp%2Fv2%2Ftags&post=17246"}],"curies":[{"name":"wp","href":"https:\/\/api.w.org\/{rel}","templated":true}]}}