{"id":17320,"date":"2001-12-11T18:28:00","date_gmt":"2001-12-11T18:28:00","guid":{"rendered":"https:\/\/875jahrekirchgoens.de\/?p=17320"},"modified":"2025-11-16T18:29:39","modified_gmt":"2025-11-16T18:29:39","slug":"jahrzehntelange-saengerfreundschaft-zwischen-kirch-goens-und-zuerich","status":"publish","type":"post","link":"https:\/\/875jahrekirchgoens.de\/?p=17320","title":{"rendered":"Jahrzehntelange S\u00e4ngerfreundschaft zwischen Kirch-G\u00f6ns und Z\u00fcrich"},"content":{"rendered":"\n<p>Seit fast drei\u00dfig Jahren bestehen zwischen dem Kirch-G\u00f6nser Gesangverein 1862 und dem Schweizer Firmenchor \u201eJodeldoppelquartett Escher Wyss\u201c aus Z\u00fcrich freundschaftliche Bande. Zahlreiche beiderseitige Besuche haben die Freundschaft \u00fcber die Jahre hin gefestigt und vertieft. Das Jodeldoppelquartett Escher Wyss war im letzten Jahr zum 850-j\u00e4hrigen Dorfjubil\u00e4um in Kirch-G\u00f6ns und erfreute die Besucher der damaligen \u201eTage der offenen H\u00f6fe\u201c mit Gesang und dem Klang von vier Alph\u00f6rnern. Zum 50-j\u00e4hrigen Vereinsjubil\u00e4um des Jodeldoppelquartetts reisten jetzt vierzig Kirch-G\u00f6nser S\u00e4ngerinnen und S\u00e4nger nach Z\u00fcrich. Mit einem modernen Reisebus ging es \u00fcber Frankfurt\/M., Karlsruhe, Stuttgart und Donaueschingen zun\u00e4chst nach Schaffhausen. Hier wurde die Gelegenheit wahrgenommen, den ber\u00fchmten Rheinfall zu besichtigen. Dann ging die Fahrt weiter nach Z\u00fcrich, wo die Kirch.-G\u00f6nser schon erwartet wurden. F\u00fcr den ersten Abend war ein gemeinsames Abendessen geplant. Vor dem Restaurant empfingen die Alphornbl\u00e4ser des Jodeldoppelquartett die Kirch-G\u00f6nser G\u00e4ste mit ihrem typisch schweizerischen T\u00f6nen. Auf der gemeinsam gestalteten Feier gl\u00e4nzten beide Ch\u00f6re mit Liedern. Als Gastgeschenk hatte Peter Braasch, der 1. Vorsitzende des Gesangverein Kirch-G\u00f6ns, eine Sammlung Fotografien \u00fcber die letztj\u00e4hrige 850-Jahr-Feier mitgebracht, die er Hugo Wolf, dem Vorsitzenden des Jodeldoppelquartetts, \u00fcbergab. Am n\u00e4chsten Tag stand ein Besuch des weltber\u00fchmten Klosters Einsiedeln auf dem Programm. Der im Kanton Schwyz liegende barocke Kloster- und Kirchenbau aus dem fr\u00fchen 18. Jahrhundert beeindruckte die Kirch-G\u00f6nser S\u00e4ngerinnen und S\u00e4nger durch seine Pracht- und M\u00e4chtigkeit sehr. Die eingehende Besichtigung hinterlie\u00df bleibende Eindr\u00fccke. Nach dem Mittagessen und einem kurzen Einkaufsbummel im Ort Einsiedeln ging es zur\u00fcck ins Hotel nach Z\u00fcrich. Am Abend fand die Jubil\u00e4umsfeier der Schweizer Sangesfreunde im Saal der evangelischen Kirchengemeinde Wipkingen statt. Verschiede Alphorn- und Musikgruppen traten auf und boten ein unvergessliches Erlebnis f\u00fcr die angereisten Kirch-G\u00f6nser, die mit einigen Liedern ebenfalls zum Gelingen des Abends beitrugen. Als weiteres Gastgeschenk \u00fcberreichte bei dieser Gelegenheit Peter Braasch einen Kristallpokal und rheinhessischen Rotwein an die Schweizer Gastgeber. Die Kirch-G\u00f6nser S\u00e4ngerinnen und S\u00e4nger sa\u00dfen an diesem Abend lange mit ihren Schweizer Freunden in fr\u00f6hlicher Runde beisammen. Am n\u00e4chsten Tag mussten die Kirch-G\u00f6nser wieder die Heimreise antreten, allerdings erst nach einem z\u00fcnftigen Fr\u00fchschoppen, in der Schweiz Apero genannt, und einem letzten gemeinsamen Mittagessen. Und das Jodeldoppelquartett wurde zum 140. Geburtstag des Kirch-G\u00f6nser Gesangverein am 12. Oktober kommenden Jahres eingeladen. In z\u00fcgiger Busfahrt ging es dann nach Kirch-G\u00f6ns zur\u00fcck.<\/p>\n\n\n<div class=\"wp-block-image\">\n<figure class=\"aligncenter size-full\"><img loading=\"lazy\" decoding=\"async\" width=\"512\" height=\"341\" src=\"https:\/\/875jahrekirchgoens.de\/wp-content\/uploads\/2025\/11\/grafik-186.png\" alt=\"\" class=\"wp-image-17321\" srcset=\"https:\/\/875jahrekirchgoens.de\/wp-content\/uploads\/2025\/11\/grafik-186.png 512w, https:\/\/875jahrekirchgoens.de\/wp-content\/uploads\/2025\/11\/grafik-186-300x200.png 300w\" sizes=\"auto, (max-width: 512px) 100vw, 512px\" \/><\/figure><\/div>\n\n\n<p class=\"has-text-align-center\">Zu Besuch in der Schweiz war der Kirch-G\u00f6nser Gesangverein. <br>Auf dem Bild die Reisegruppe vor dem Kloster Einsiedeln.<\/p>\n\n\n\n<p>Quelle und Bild: Butzbacher Zeitung vom 11. Dezember 2001<\/p>\n","protected":false},"excerpt":{"rendered":"<p>Seit fast drei\u00dfig Jahren bestehen zwischen dem Kirch-G\u00f6nser Gesangverein 1862 und dem Schweizer Firmenchor \u201eJodeldoppelquartett Escher Wyss\u201c aus Z\u00fcrich freundschaftliche Bande. Zahlreiche beiderseitige Besuche haben die Freundschaft \u00fcber die Jahre hin gefestigt und vertieft. Das Jodeldoppelquartett Escher Wyss war im letzten Jahr zum 850-j\u00e4hrigen Dorfjubil\u00e4um in Kirch-G\u00f6ns und erfreute die Besucher der damaligen \u201eTage der &#8230; <a title=\"Jahrzehntelange S\u00e4ngerfreundschaft zwischen Kirch-G\u00f6ns und Z\u00fcrich\" class=\"read-more\" href=\"https:\/\/875jahrekirchgoens.de\/?p=17320\" aria-label=\"Mehr Informationen \u00fcber Jahrzehntelange S\u00e4ngerfreundschaft zwischen Kirch-G\u00f6ns und Z\u00fcrich\">Weiterlesen<\/a><\/p>\n","protected":false},"author":1,"featured_media":0,"comment_status":"closed","ping_status":"open","sticky":false,"template":"","format":"standard","meta":{"footnotes":""},"categories":[1],"tags":[],"class_list":["post-17320","post","type-post","status-publish","format-standard","hentry","category-infos"],"_links":{"self":[{"href":"https:\/\/875jahrekirchgoens.de\/index.php?rest_route=\/wp\/v2\/posts\/17320","targetHints":{"allow":["GET"]}}],"collection":[{"href":"https:\/\/875jahrekirchgoens.de\/index.php?rest_route=\/wp\/v2\/posts"}],"about":[{"href":"https:\/\/875jahrekirchgoens.de\/index.php?rest_route=\/wp\/v2\/types\/post"}],"author":[{"embeddable":true,"href":"https:\/\/875jahrekirchgoens.de\/index.php?rest_route=\/wp\/v2\/users\/1"}],"replies":[{"embeddable":true,"href":"https:\/\/875jahrekirchgoens.de\/index.php?rest_route=%2Fwp%2Fv2%2Fcomments&post=17320"}],"version-history":[{"count":1,"href":"https:\/\/875jahrekirchgoens.de\/index.php?rest_route=\/wp\/v2\/posts\/17320\/revisions"}],"predecessor-version":[{"id":17322,"href":"https:\/\/875jahrekirchgoens.de\/index.php?rest_route=\/wp\/v2\/posts\/17320\/revisions\/17322"}],"wp:attachment":[{"href":"https:\/\/875jahrekirchgoens.de\/index.php?rest_route=%2Fwp%2Fv2%2Fmedia&parent=17320"}],"wp:term":[{"taxonomy":"category","embeddable":true,"href":"https:\/\/875jahrekirchgoens.de\/index.php?rest_route=%2Fwp%2Fv2%2Fcategories&post=17320"},{"taxonomy":"post_tag","embeddable":true,"href":"https:\/\/875jahrekirchgoens.de\/index.php?rest_route=%2Fwp%2Fv2%2Ftags&post=17320"}],"curies":[{"name":"wp","href":"https:\/\/api.w.org\/{rel}","templated":true}]}}