{"id":17404,"date":"2005-09-03T12:49:00","date_gmt":"2005-09-03T12:49:00","guid":{"rendered":"https:\/\/875jahrekirchgoens.de\/?p=17404"},"modified":"2025-11-17T12:50:30","modified_gmt":"2025-11-17T12:50:30","slug":"fleissig-kuchen-gebacken","status":"publish","type":"post","link":"https:\/\/875jahrekirchgoens.de\/?p=17404","title":{"rendered":"Flei\u00dfig Kuchen gebacken \u2026"},"content":{"rendered":"\n<figure class=\"wp-block-image size-full\"><img loading=\"lazy\" decoding=\"async\" width=\"1024\" height=\"340\" src=\"https:\/\/875jahrekirchgoens.de\/wp-content\/uploads\/2025\/11\/grafik-208.png\" alt=\"\" class=\"wp-image-17405\" srcset=\"https:\/\/875jahrekirchgoens.de\/wp-content\/uploads\/2025\/11\/grafik-208.png 1024w, https:\/\/875jahrekirchgoens.de\/wp-content\/uploads\/2025\/11\/grafik-208-300x100.png 300w, https:\/\/875jahrekirchgoens.de\/wp-content\/uploads\/2025\/11\/grafik-208-768x255.png 768w\" sizes=\"auto, (max-width: 1024px) 100vw, 1024px\" \/><\/figure>\n\n\n\n<p>Wurde am Samstag vom Heimat- und Backhausverein Kirch-G\u00f6ns im Gemeindebackhaus f\u00fcr das Fest in Leihgestern.<\/p>\n\n\n\n<p>Quelle und Bilder: Archiv Heimat- und Backhausverein Kirch-G\u00f6ns vom 3. September 2005<\/p>\n","protected":false},"excerpt":{"rendered":"<p>Wurde am Samstag vom Heimat- und Backhausverein Kirch-G\u00f6ns im Gemeindebackhaus f\u00fcr das Fest in Leihgestern. Quelle und Bilder: Archiv Heimat- und Backhausverein Kirch-G\u00f6ns vom 3. September 2005<\/p>\n","protected":false},"author":1,"featured_media":0,"comment_status":"closed","ping_status":"open","sticky":false,"template":"","format":"standard","meta":{"footnotes":""},"categories":[1],"tags":[],"class_list":["post-17404","post","type-post","status-publish","format-standard","hentry","category-infos"],"_links":{"self":[{"href":"https:\/\/875jahrekirchgoens.de\/index.php?rest_route=\/wp\/v2\/posts\/17404","targetHints":{"allow":["GET"]}}],"collection":[{"href":"https:\/\/875jahrekirchgoens.de\/index.php?rest_route=\/wp\/v2\/posts"}],"about":[{"href":"https:\/\/875jahrekirchgoens.de\/index.php?rest_route=\/wp\/v2\/types\/post"}],"author":[{"embeddable":true,"href":"https:\/\/875jahrekirchgoens.de\/index.php?rest_route=\/wp\/v2\/users\/1"}],"replies":[{"embeddable":true,"href":"https:\/\/875jahrekirchgoens.de\/index.php?rest_route=%2Fwp%2Fv2%2Fcomments&post=17404"}],"version-history":[{"count":1,"href":"https:\/\/875jahrekirchgoens.de\/index.php?rest_route=\/wp\/v2\/posts\/17404\/revisions"}],"predecessor-version":[{"id":17406,"href":"https:\/\/875jahrekirchgoens.de\/index.php?rest_route=\/wp\/v2\/posts\/17404\/revisions\/17406"}],"wp:attachment":[{"href":"https:\/\/875jahrekirchgoens.de\/index.php?rest_route=%2Fwp%2Fv2%2Fmedia&parent=17404"}],"wp:term":[{"taxonomy":"category","embeddable":true,"href":"https:\/\/875jahrekirchgoens.de\/index.php?rest_route=%2Fwp%2Fv2%2Fcategories&post=17404"},{"taxonomy":"post_tag","embeddable":true,"href":"https:\/\/875jahrekirchgoens.de\/index.php?rest_route=%2Fwp%2Fv2%2Ftags&post=17404"}],"curies":[{"name":"wp","href":"https:\/\/api.w.org\/{rel}","templated":true}]}}