{"id":17458,"date":"2006-04-24T19:57:00","date_gmt":"2006-04-24T19:57:00","guid":{"rendered":"https:\/\/875jahrekirchgoens.de\/?p=17458"},"modified":"2025-11-17T20:06:28","modified_gmt":"2025-11-17T20:06:28","slug":"willi-brueckel-wurde-mit-geschenken-aus-dem-vorstand-verabschiedet","status":"publish","type":"post","link":"https:\/\/875jahrekirchgoens.de\/?p=17458","title":{"rendered":"Willi Br\u00fcckel wurde mit Geschenken aus dem Vorstand verabschiedet."},"content":{"rendered":"\n<p><em>Heimat und Bachausverein blickte auf arbeitsintensives Jahr zur\u00fcck<\/em><\/p>\n\n\n\n<p>Die Jahreshauptversammlung des Heimat- und Backhaus-vereins (HBV) Kirch-G\u00f6ns er\u00f6ffnete der 1. Vorsitzende G\u00fcnter Weber am Freitagabend in der Gastst\u00e4tte Maiwald mit dem Gedenken an die im Vorjahr verstorbenen Mitglieder Erika Knorz, Toni Binzer und Walter Sommer. Anschlie\u00dfend widmete sich Weber in Anwesenheit von Ortsvorsteher Peter B. Braasch der R\u00fcckschau auf das vergangene Jahr. 2005 habe mit einem \u201ePaukenschlag&#8220; begonnen, als B\u00fcrgermeister Oswin Veith am 16. Februar in der Wendelinskapelle den Kultursonderpreis der Stadt Butzbach \u00fcberreicht habe. Den Hauptpreis habe der Gesangverein \u201eLiederkranz&#8220; Pohl-G\u00f6ns erhalten, und Pfarrer William Thum sei in einer sehr sch\u00f6nen Laudatio auf die Vereinsgeschichte und die Aktivit\u00e4ten des HBV eingegangen. An der Fr\u00fchjahrstagung des Hessischen Volks- und Trachtenvereins HVT in Wolfshausen bei Marburg habe man teilgenommen und f\u00fcr das B\u00fcfett Blechkuchen spendiert. Im M\u00e4rz half der HBV dem Ortsbeirat bei einer Gemarkungss\u00e4uberungsaktion. Im April beteiligte sich der Verein an den Osteraktivwochen der Stadt Butzbach und veranstaltete den Seniorennachmittag im B\u00fcrgerhaus. Nach der Jahreshauptversammlung wurde Ende Mai das Lahn- Dill-Bergland angesteuert mit Stationen in der Grube Fortuna bei Oberbiel, auf Burg Greifenstein und in Herborn. Abschluss war eine Planwagenfahrt durch den Krofdorfer Forst. Das Abendessen wurde im Langg\u00f6nser \u201eGambrinus\u201c eingenommen. Den Hessentagsfestzug in Weilburg verst\u00e4rkten Wolfgang und Elke Besler. Eine gr\u00f6\u00dfere Abordnung nahm mit dem Motivwagen H\u00fcttenberger Hoftor am Festzug \u201e100 Jahre TV Pohl-G\u00f6ns\u201c teil. Im Juli kam ein Team des Hessischen Fernsehens nach Kirch-G\u00f6ns, um dort im Dorf zu drehen. H\u00f6hepunkt des Jahres war das Backhausfest am 28.August. Als Thema auserw\u00e4hlt worden war die Tracht des H\u00fcttenberger Landes. Elke Besler zeigte und erl\u00e4uterte im B\u00fcrgerhaus ein paar besonders sch\u00f6ne Trachtenst\u00fccke. Es traten auf der B\u00fchne unter anderem Trachtengruppen aus Burkhartsfelden und Blasbach auf. Anfang September wurde anl\u00e4sslich des Trachten- und Brauchtumsfestes anl\u00e4sslich der Leihgesterner 1200 Jahrfeier Backhauskuchen aus Kirch-G\u00f6ns verkauft, Teilgenommen wurde an der 25-Jahrfeier der Volkstanzgruppe Watzenborn-Steinberg und an einem Empfang der Volksbank Butzbach. Ende November bewarben sich Lisa Bunfill und Patrick Wolff ohne Erfolg auf einer Magistratssichtung um das Hessenpaar 2007. Am Nikolaustag hatten Edith Webern und Bernd M\u00fcller das Backhausst\u00fcbchen f\u00fcr die Nikolausfeier vorbereitet. Am 16. Dezember vertrag G\u00fcnter Webe den HBV bei der Verabschiedung der langj\u00e4hrigen Kirch-G\u00f6nser Kindergartenleiterin Monika Gr\u00f6nke. Bei den Veranstaltungen der Ortsvereine stellt man sich als Helfer zur Verf\u00fcgung. 2005 wurde der HBV au\u00dferdem Mitglied im mittelhessischen Mundartverein VEMuK. An Webers Ausf\u00fchrungen schlossen sich die Berichte der Tanzgruppen- Kindergruppenleiterin und Kassiererin Simone Eckhard, der Bericht von Kassierern und Kassenpr\u00fcfer (Herbert Alles und Christian Weber) an. Nach der einstimmigen Entlastung wurden G\u00fcnther Weber als 1. Vorsitzender, Lothar Nitzsche als 2. Vorsitzender, Wolfgang Besler als Schriftf\u00fchrer und Simone Eckhard als Kassiererin wiedergew\u00e4hlt. F\u00fcr die Beisitzerinnen Heike Bunfill, Ilse Schepp und Monika Maiwald (sie wurde au\u00dferdem f\u00fcr die zehnj\u00e4hrige Vereinszugeh\u00f6rigkeit geehrt) gab es eine einstimmige Best\u00e4tigung. Aus dem Vorstand schied der bisherige Beisitzer Willi Br\u00fcckel aus. Ihm wurde mit einem Buchgeschenk und Bild gedankt. F\u00fcr ihn r\u00fcckten Patrick Wolff und Lisa Bunfill nach. Neuer Revisoren sind Karin Spangenberg, Brigitte Faber und Helmut M\u00fcller. Die Sitzung ging mit einer Terminvorschau und einer Filmvorf\u00fchrung von Handwerksbr\u00e4uchen und Trachtenfesten zu Ende.<\/p>\n\n\n\n<figure class=\"wp-block-image size-full\"><img loading=\"lazy\" decoding=\"async\" width=\"1024\" height=\"268\" src=\"https:\/\/875jahrekirchgoens.de\/wp-content\/uploads\/2025\/11\/grafik-218.png\" alt=\"\" class=\"wp-image-17459\" srcset=\"https:\/\/875jahrekirchgoens.de\/wp-content\/uploads\/2025\/11\/grafik-218.png 1024w, https:\/\/875jahrekirchgoens.de\/wp-content\/uploads\/2025\/11\/grafik-218-300x79.png 300w, https:\/\/875jahrekirchgoens.de\/wp-content\/uploads\/2025\/11\/grafik-218-768x201.png 768w\" sizes=\"auto, (max-width: 1024px) 100vw, 1024px\" \/><\/figure>\n\n\n\n<p>Der neue Vorstand des Heimat- und Backhausvereins Kirch-G\u00f6ns                                                           Der langj\u00e4hrige Beisitzer Willi Br\u00fcckel (l.) schied <br>                                                                                                                                                                                                                                aus dem Vorstand des Heimat- und Backhaus-<br>                                                                                                                                                                                                                               vereins Kirch-G\u00f6ns aus. Er wurde vom<br>                                                                                                                                                                                                                              1. Vorsitzenden G\u00fcnter Weber (r.) verabschiedet.<br>                                                                                                                                                                                                                              F\u00fcr zehnj\u00e4hrige Mitgliedschaft im Verein ehrte<br>                                                                                                                                                                                                                             Weber Monika Maiwald (M.) mit einer Urkunde.<\/p>\n\n\n\n<p> Quelle und Bilder: Butzbacher Zeitung vom 24. April 2006<\/p>\n","protected":false},"excerpt":{"rendered":"<p>Heimat und Bachausverein blickte auf arbeitsintensives Jahr zur\u00fcck Die Jahreshauptversammlung des Heimat- und Backhaus-vereins (HBV) Kirch-G\u00f6ns er\u00f6ffnete der 1. Vorsitzende G\u00fcnter Weber am Freitagabend in der Gastst\u00e4tte Maiwald mit dem Gedenken an die im Vorjahr verstorbenen Mitglieder Erika Knorz, Toni Binzer und Walter Sommer. Anschlie\u00dfend widmete sich Weber in Anwesenheit von Ortsvorsteher Peter B. Braasch &#8230; <a title=\"Willi Br\u00fcckel wurde mit Geschenken aus dem Vorstand verabschiedet.\" class=\"read-more\" href=\"https:\/\/875jahrekirchgoens.de\/?p=17458\" aria-label=\"Mehr Informationen \u00fcber Willi Br\u00fcckel wurde mit Geschenken aus dem Vorstand verabschiedet.\">Weiterlesen<\/a><\/p>\n","protected":false},"author":1,"featured_media":0,"comment_status":"closed","ping_status":"open","sticky":false,"template":"","format":"standard","meta":{"footnotes":""},"categories":[1],"tags":[],"class_list":["post-17458","post","type-post","status-publish","format-standard","hentry","category-infos"],"_links":{"self":[{"href":"https:\/\/875jahrekirchgoens.de\/index.php?rest_route=\/wp\/v2\/posts\/17458","targetHints":{"allow":["GET"]}}],"collection":[{"href":"https:\/\/875jahrekirchgoens.de\/index.php?rest_route=\/wp\/v2\/posts"}],"about":[{"href":"https:\/\/875jahrekirchgoens.de\/index.php?rest_route=\/wp\/v2\/types\/post"}],"author":[{"embeddable":true,"href":"https:\/\/875jahrekirchgoens.de\/index.php?rest_route=\/wp\/v2\/users\/1"}],"replies":[{"embeddable":true,"href":"https:\/\/875jahrekirchgoens.de\/index.php?rest_route=%2Fwp%2Fv2%2Fcomments&post=17458"}],"version-history":[{"count":1,"href":"https:\/\/875jahrekirchgoens.de\/index.php?rest_route=\/wp\/v2\/posts\/17458\/revisions"}],"predecessor-version":[{"id":17460,"href":"https:\/\/875jahrekirchgoens.de\/index.php?rest_route=\/wp\/v2\/posts\/17458\/revisions\/17460"}],"wp:attachment":[{"href":"https:\/\/875jahrekirchgoens.de\/index.php?rest_route=%2Fwp%2Fv2%2Fmedia&parent=17458"}],"wp:term":[{"taxonomy":"category","embeddable":true,"href":"https:\/\/875jahrekirchgoens.de\/index.php?rest_route=%2Fwp%2Fv2%2Fcategories&post=17458"},{"taxonomy":"post_tag","embeddable":true,"href":"https:\/\/875jahrekirchgoens.de\/index.php?rest_route=%2Fwp%2Fv2%2Ftags&post=17458"}],"curies":[{"name":"wp","href":"https:\/\/api.w.org\/{rel}","templated":true}]}}