{"id":17559,"date":"2008-06-18T16:43:00","date_gmt":"2008-06-18T16:43:00","guid":{"rendered":"https:\/\/875jahrekirchgoens.de\/?p=17559"},"modified":"2025-11-21T16:44:34","modified_gmt":"2025-11-21T16:44:34","slug":"projektwoche-der-mps-oberer-huettenberg","status":"publish","type":"post","link":"https:\/\/875jahrekirchgoens.de\/?p=17559","title":{"rendered":"Projektwoche der MPS \u201eOberer H\u00fcttenberg\u201c"},"content":{"rendered":"\n<p>Als Einstimmung und Vorbereitungen der Feierlichkeiten zum 40-j\u00e4hrigen Bestehen der Mittelpunktschule Oberer H\u00fcttenberg findet seit Montag eine Projektwoche statt. Unter dem Motto \u201eWie war es in den sechziger und siebziger Jahren\u201c setzen sich die einzelnen Arbeitsgruppen auf unterschiedlicher Art mit den Lebensumst\u00e4nden zur Gr\u00fcndungszeit der Schule auseinander. Am Pr\u00e4sentationstag, Donnerstag 19. Juni, ab 16.00 Uhr, wird der Besucher durch abwechslungsreiche Darbietungen und Pr\u00e4sentationen in die Zeit vor 40 Jahren zur\u00fcckversetzt.<\/p>\n\n\n<div class=\"wp-block-image\">\n<figure class=\"aligncenter size-full\"><img loading=\"lazy\" decoding=\"async\" width=\"512\" height=\"369\" src=\"https:\/\/875jahrekirchgoens.de\/wp-content\/uploads\/2025\/11\/grafik-243.png\" alt=\"\" class=\"wp-image-17560\" srcset=\"https:\/\/875jahrekirchgoens.de\/wp-content\/uploads\/2025\/11\/grafik-243.png 512w, https:\/\/875jahrekirchgoens.de\/wp-content\/uploads\/2025\/11\/grafik-243-300x216.png 300w\" sizes=\"auto, (max-width: 512px) 100vw, 512px\" \/><\/figure><\/div>\n\n\n<p>So wird in einer Modenschau gezeigt, was damals \u201ein\u201c war, die ber\u00fchmte Mengenlehre wird Auferstehung feiern, ein Retro-Buffet mit Herrentorte, K\u00e4seigel und Tomatenpilzen l\u00e4dt zur St\u00e4rkung und nat\u00fcrlich erklingt die ber\u00fchmte und von vielen geliebte Musik der Sechziger. Theaterauff\u00fchrungen, musikalische Darbietungen, Spiele, St\u00e4nde mit selbstgebastelten oder gestalteten Produkten und auch ein gro\u00dfes Kuchenbuffet runden das Angebot ab. Als weiterer H\u00f6hepunkt, zu dem zahlreiche Ehemalige sowie Freunde der Schule erwartet werden, findet ab 19.00 Uhr die Jubil\u00e4umsparty mit Live Musik statt.<\/p>\n\n\n\n<p>Quelle und Bild: Butzbacher Zeitung vom 18. Juni 2008<\/p>\n","protected":false},"excerpt":{"rendered":"<p>Als Einstimmung und Vorbereitungen der Feierlichkeiten zum 40-j\u00e4hrigen Bestehen der Mittelpunktschule Oberer H\u00fcttenberg findet seit Montag eine Projektwoche statt. Unter dem Motto \u201eWie war es in den sechziger und siebziger Jahren\u201c setzen sich die einzelnen Arbeitsgruppen auf unterschiedlicher Art mit den Lebensumst\u00e4nden zur Gr\u00fcndungszeit der Schule auseinander. Am Pr\u00e4sentationstag, Donnerstag 19. Juni, ab 16.00 Uhr, &#8230; <a title=\"Projektwoche der MPS \u201eOberer H\u00fcttenberg\u201c\" class=\"read-more\" href=\"https:\/\/875jahrekirchgoens.de\/?p=17559\" aria-label=\"Mehr Informationen \u00fcber Projektwoche der MPS \u201eOberer H\u00fcttenberg\u201c\">Weiterlesen<\/a><\/p>\n","protected":false},"author":1,"featured_media":0,"comment_status":"closed","ping_status":"open","sticky":false,"template":"","format":"standard","meta":{"footnotes":""},"categories":[1],"tags":[],"class_list":["post-17559","post","type-post","status-publish","format-standard","hentry","category-infos"],"_links":{"self":[{"href":"https:\/\/875jahrekirchgoens.de\/index.php?rest_route=\/wp\/v2\/posts\/17559","targetHints":{"allow":["GET"]}}],"collection":[{"href":"https:\/\/875jahrekirchgoens.de\/index.php?rest_route=\/wp\/v2\/posts"}],"about":[{"href":"https:\/\/875jahrekirchgoens.de\/index.php?rest_route=\/wp\/v2\/types\/post"}],"author":[{"embeddable":true,"href":"https:\/\/875jahrekirchgoens.de\/index.php?rest_route=\/wp\/v2\/users\/1"}],"replies":[{"embeddable":true,"href":"https:\/\/875jahrekirchgoens.de\/index.php?rest_route=%2Fwp%2Fv2%2Fcomments&post=17559"}],"version-history":[{"count":1,"href":"https:\/\/875jahrekirchgoens.de\/index.php?rest_route=\/wp\/v2\/posts\/17559\/revisions"}],"predecessor-version":[{"id":17561,"href":"https:\/\/875jahrekirchgoens.de\/index.php?rest_route=\/wp\/v2\/posts\/17559\/revisions\/17561"}],"wp:attachment":[{"href":"https:\/\/875jahrekirchgoens.de\/index.php?rest_route=%2Fwp%2Fv2%2Fmedia&parent=17559"}],"wp:term":[{"taxonomy":"category","embeddable":true,"href":"https:\/\/875jahrekirchgoens.de\/index.php?rest_route=%2Fwp%2Fv2%2Fcategories&post=17559"},{"taxonomy":"post_tag","embeddable":true,"href":"https:\/\/875jahrekirchgoens.de\/index.php?rest_route=%2Fwp%2Fv2%2Ftags&post=17559"}],"curies":[{"name":"wp","href":"https:\/\/api.w.org\/{rel}","templated":true}]}}