{"id":17575,"date":"2008-12-22T17:04:00","date_gmt":"2008-12-22T17:04:00","guid":{"rendered":"https:\/\/875jahrekirchgoens.de\/?p=17575"},"modified":"2025-11-21T17:06:11","modified_gmt":"2025-11-21T17:06:11","slug":"die-gruenderinnen-des-frauenchores-wurden-geehrt","status":"publish","type":"post","link":"https:\/\/875jahrekirchgoens.de\/?p=17575","title":{"rendered":"Die Gr\u00fcnderinnen des Frauenchores wurden geehrt"},"content":{"rendered":"\n<p><em>Am 1. Januar 1978 begann in Kirch-G\u00f6ns neue musikalische \u00c4ra<\/em><\/p>\n\n\n\n<p>Die letzte Singstunde im alten Jahr nutzte der Gesangverein 1862 Kirch-G\u00f6ns, um im Saal des B\u00fcrgerhauses zahlreiche S\u00e4ngerinnen zu ehren. Es waren jene Damen, die im 1. Januar 1978 den Frauenchor gr\u00fcndeten, den ersten in der Vereinsgeschichte \u00fcberhaupt. Damals hie\u00df der 1. Vorsitzende Willi S\u00f6hngen, und der Verein hie\u00df noch \u201eM\u00e4nnergesangverein 1862\u201c, nannte sich aber bald darauf um. Dirigent war Ewald R\u00f6hrig aus Niederkleen. Peter B. Braasch, der 1. Vorsitzende, ehre folgende Aktive: Gisela Alles, Margit Eckhard, Hanni Frischmuth, Birgit Kuhl, Elli Mader, Anita R\u00f6hrig, Gertrude Sang, Christel Simon, Ottilie S\u00f6hngen, Alice Stehr, Emmi Vetter und Gretel Will. Es konnten jedoch nicht alle Genannten anwesend sein. Den Ehrungen vorgeschaltet war ein gemeinsames Essen mit den S\u00e4ngern. Danach sa\u00df man noch in gem\u00fctlicher Runde beim Plausch zusammen. Die stellvertretende Vorsitzende Hanni Frischmuth erinnerte an die ersten 30 Jahre und dankte den Gr\u00fcndungsmitgliedern des Frauenchores f\u00fcr spontanen Beitritt und ihre Treue. Ihr gro\u00dfer Wunsch war es, dass es gelingen m\u00f6ge, Nachwuchs f\u00fcr den Gesangverein zu finden. Beispielsweise habe der Gesangverein vor, eine geeignete Mitgliederwerbeaktion zu starten. Man verf\u00fcge \u00fcber einen jungen Dirigenten mit dem geeigneten musikalischen Draht zu seinen Altersjahrg\u00e4ngen. Also k\u00f6nne man hoffnungsvoll sein. Es gab f\u00fcr jede S\u00e4ngerin eine kleine \u00dcberraschung und auch eine f\u00fcr den jetzigen Dirigenten Patrick Stinka. Er erhielt eine afrikanische Handtrommel als Geschenk, die er auch gleich f\u00fcr einen ersten Solowirbel nutzte. Nat\u00fcrlich wurde danach eine Reihe von Liedern angestimmt, die von den S\u00e4ngerinnen und S\u00e4nger aus dem \u201eEffeff\u201c beherrscht werden. Vorsitzender Braasch erw\u00e4hnte die n\u00e4chsten Auftritte des Gesangvereins, u. a. beim Festgottesdienst am ersten Weihnachtsfeiertag in der Kirche. Au\u00dferdem k\u00fcndigte er f\u00fcr den 24. Januar ab 12.00 Uhr das traditionelle Schlachtessen an.<\/p>\n\n\n<div class=\"wp-block-image\">\n<figure class=\"aligncenter size-full\"><img loading=\"lazy\" decoding=\"async\" width=\"512\" height=\"367\" src=\"https:\/\/875jahrekirchgoens.de\/wp-content\/uploads\/2025\/11\/grafik-247.png\" alt=\"\" class=\"wp-image-17576\" srcset=\"https:\/\/875jahrekirchgoens.de\/wp-content\/uploads\/2025\/11\/grafik-247.png 512w, https:\/\/875jahrekirchgoens.de\/wp-content\/uploads\/2025\/11\/grafik-247-300x215.png 300w\" sizes=\"auto, (max-width: 512px) 100vw, 512px\" \/><\/figure><\/div>\n\n\n<p class=\"has-text-align-center\">Wie ein Hahn im Korb f\u00fchlte sich Peter B. Braasch (hinten), <br>Vorsitzender des Gesangvereins 18962 Kirch-G\u00f6ns, <br>bei der Ehrung der S\u00e4ngerinnen, die vor 30 Jahren den Frauenchor gegr\u00fcndet haben.<\/p>\n\n\n\n<p>Quelle und Bild: Butzbacher Zeitung vom 22. Dezember 2008<\/p>\n","protected":false},"excerpt":{"rendered":"<p>Am 1. Januar 1978 begann in Kirch-G\u00f6ns neue musikalische \u00c4ra Die letzte Singstunde im alten Jahr nutzte der Gesangverein 1862 Kirch-G\u00f6ns, um im Saal des B\u00fcrgerhauses zahlreiche S\u00e4ngerinnen zu ehren. Es waren jene Damen, die im 1. Januar 1978 den Frauenchor gr\u00fcndeten, den ersten in der Vereinsgeschichte \u00fcberhaupt. Damals hie\u00df der 1. Vorsitzende Willi S\u00f6hngen, &#8230; <a title=\"Die Gr\u00fcnderinnen des Frauenchores wurden geehrt\" class=\"read-more\" href=\"https:\/\/875jahrekirchgoens.de\/?p=17575\" aria-label=\"Mehr Informationen \u00fcber Die Gr\u00fcnderinnen des Frauenchores wurden geehrt\">Weiterlesen<\/a><\/p>\n","protected":false},"author":1,"featured_media":0,"comment_status":"closed","ping_status":"open","sticky":false,"template":"","format":"standard","meta":{"footnotes":""},"categories":[1],"tags":[],"class_list":["post-17575","post","type-post","status-publish","format-standard","hentry","category-infos"],"_links":{"self":[{"href":"https:\/\/875jahrekirchgoens.de\/index.php?rest_route=\/wp\/v2\/posts\/17575","targetHints":{"allow":["GET"]}}],"collection":[{"href":"https:\/\/875jahrekirchgoens.de\/index.php?rest_route=\/wp\/v2\/posts"}],"about":[{"href":"https:\/\/875jahrekirchgoens.de\/index.php?rest_route=\/wp\/v2\/types\/post"}],"author":[{"embeddable":true,"href":"https:\/\/875jahrekirchgoens.de\/index.php?rest_route=\/wp\/v2\/users\/1"}],"replies":[{"embeddable":true,"href":"https:\/\/875jahrekirchgoens.de\/index.php?rest_route=%2Fwp%2Fv2%2Fcomments&post=17575"}],"version-history":[{"count":1,"href":"https:\/\/875jahrekirchgoens.de\/index.php?rest_route=\/wp\/v2\/posts\/17575\/revisions"}],"predecessor-version":[{"id":17577,"href":"https:\/\/875jahrekirchgoens.de\/index.php?rest_route=\/wp\/v2\/posts\/17575\/revisions\/17577"}],"wp:attachment":[{"href":"https:\/\/875jahrekirchgoens.de\/index.php?rest_route=%2Fwp%2Fv2%2Fmedia&parent=17575"}],"wp:term":[{"taxonomy":"category","embeddable":true,"href":"https:\/\/875jahrekirchgoens.de\/index.php?rest_route=%2Fwp%2Fv2%2Fcategories&post=17575"},{"taxonomy":"post_tag","embeddable":true,"href":"https:\/\/875jahrekirchgoens.de\/index.php?rest_route=%2Fwp%2Fv2%2Ftags&post=17575"}],"curies":[{"name":"wp","href":"https:\/\/api.w.org\/{rel}","templated":true}]}}