{"id":17857,"date":"2002-07-30T10:51:00","date_gmt":"2002-07-30T10:51:00","guid":{"rendered":"https:\/\/875jahrekirchgoens.de\/?p=17857"},"modified":"2025-11-26T10:51:51","modified_gmt":"2025-11-26T10:51:51","slug":"hohe-verbandsehrung-fuer-hagen-heinz","status":"publish","type":"post","link":"https:\/\/875jahrekirchgoens.de\/?p=17857","title":{"rendered":"Hohe Verbandsehrung f\u00fcr Hagen Heinz"},"content":{"rendered":"\n<p>Das war eine gelungene \u00dcberraschung f\u00fcr Hagen Heinz, den beliebten Vorsitzenden des Sch\u00fctzenvereins Kirch-G\u00f6ns. Im Trubel der Einweihungsfeierlichkeiten f\u00fcr das Ebersg\u00f6nser Sch\u00fctzenhaus machten ihn Kreissch\u00fctzenmeisterin Carla Imbescheid und ihr Stellvertreter im Amt, Heinz Heil, selbst zum Mittelpunkt. Eigentlich war Hagen Heinz ja zum Gratulieren gekommen &#8211; pl\u00f6tzlich stand er im Scheinwerferlicht. Er wurde f\u00fcr seine Verdienste um die Kirch-G\u00f6nser Sch\u00fctzen ausgezeichnet. Den Antrag hatte sein Vorstand vor geraumer Zeit gestellt; nat\u00fcrlich ohne ihm das zu sagen. Mit dem \u201eGro\u00dfen Hessischen Ehrenzeichen in Silber&#8220; w\u00fcrdigten Verein und Landesverband seinen unerm\u00fcdlichen Einsatz. Er ist immer da, wenn er gebraucht wird. Mal eben die jugendlichen Sch\u00fctzen mit dem Auto zum Ausw\u00e4rtskampf fahren- kein Problem f\u00fcr ihn, sondern pures Selbstverst\u00e4ndnis. 1963 nur ein Jahr nach der Kirch\u00ad G\u00f6nser Vereinsgr\u00fcndung wurde er Mitglied bei den Sch\u00fctzen und avancierte schnell zum aktiven Hallenerbauer, denn nicht nur beruflich hat er eine Vorliebe f\u00fcr Architektur und Bauausf\u00fchrung. So war und ist heu e noch eine zweckm\u00e4\u00dfige, aber auch ansprechende Gestaltung eines Sch\u00fctzenhauses f\u00fcr ihn sehr wichtig &#8211; da sollte alles harmonisch miteinander stimmig sein. Im Jahr 1974 \u00fcbernahm er die sportliche Leitung im Verein als Sch\u00fctzenmeister f\u00fcr knapp 14 Jahre, um dann seit 1988 dem SV Kirch-G\u00f6ns als allseits gesch\u00e4tzter und fachkundiger Vorsitzender &#8211; mit gro\u00dfem diplomatischen Geschick &#8211; und guten Mitstreitern die Geschicke zu leiten. Ein Mann mit Weitblick ist Hagen Heinz und mit seiner ruhig-besonnenen Wesensart auch ein Vereinsvorsitzender, wie man ihn sich w\u00fcnscht. Die Kirch\u00ad G\u00f6nser Sch\u00fctzen hoffen noch auf viele weitere Jahre mit ihm an ihrer Spitze.<\/p>\n\n\n<div class=\"wp-block-image\">\n<figure class=\"aligncenter size-full\"><img loading=\"lazy\" decoding=\"async\" width=\"512\" height=\"371\" src=\"https:\/\/875jahrekirchgoens.de\/wp-content\/uploads\/2025\/11\/grafik-315.png\" alt=\"\" class=\"wp-image-17858\" srcset=\"https:\/\/875jahrekirchgoens.de\/wp-content\/uploads\/2025\/11\/grafik-315.png 512w, https:\/\/875jahrekirchgoens.de\/wp-content\/uploads\/2025\/11\/grafik-315-300x217.png 300w\" sizes=\"auto, (max-width: 512px) 100vw, 512px\" \/><\/figure><\/div>\n\n\n<p class=\"has-text-align-center\">Mit dem Hessischen Ehrenzeichen in Silber wurde Hagen Heinz (M), der langj\u00e4hrige Vorsitzende des Sch\u00fctzenvereins Kirch-G\u00f6ns, durch Kreissch\u00fctzenmeisterin Carla lmbescheid und ihren Stellvertreter Heinz Heil geehrt.<\/p>\n\n\n\n<p>Quelle und Bild: Butzbacher Zeitung vom 30. Juli 2002<\/p>\n","protected":false},"excerpt":{"rendered":"<p>Das war eine gelungene \u00dcberraschung f\u00fcr Hagen Heinz, den beliebten Vorsitzenden des Sch\u00fctzenvereins Kirch-G\u00f6ns. Im Trubel der Einweihungsfeierlichkeiten f\u00fcr das Ebersg\u00f6nser Sch\u00fctzenhaus machten ihn Kreissch\u00fctzenmeisterin Carla Imbescheid und ihr Stellvertreter im Amt, Heinz Heil, selbst zum Mittelpunkt. Eigentlich war Hagen Heinz ja zum Gratulieren gekommen &#8211; pl\u00f6tzlich stand er im Scheinwerferlicht. Er wurde f\u00fcr seine &#8230; <a title=\"Hohe Verbandsehrung f\u00fcr Hagen Heinz\" class=\"read-more\" href=\"https:\/\/875jahrekirchgoens.de\/?p=17857\" aria-label=\"Mehr Informationen \u00fcber Hohe Verbandsehrung f\u00fcr Hagen Heinz\">Weiterlesen<\/a><\/p>\n","protected":false},"author":1,"featured_media":0,"comment_status":"closed","ping_status":"open","sticky":false,"template":"","format":"standard","meta":{"footnotes":""},"categories":[1],"tags":[],"class_list":["post-17857","post","type-post","status-publish","format-standard","hentry","category-infos"],"_links":{"self":[{"href":"https:\/\/875jahrekirchgoens.de\/index.php?rest_route=\/wp\/v2\/posts\/17857","targetHints":{"allow":["GET"]}}],"collection":[{"href":"https:\/\/875jahrekirchgoens.de\/index.php?rest_route=\/wp\/v2\/posts"}],"about":[{"href":"https:\/\/875jahrekirchgoens.de\/index.php?rest_route=\/wp\/v2\/types\/post"}],"author":[{"embeddable":true,"href":"https:\/\/875jahrekirchgoens.de\/index.php?rest_route=\/wp\/v2\/users\/1"}],"replies":[{"embeddable":true,"href":"https:\/\/875jahrekirchgoens.de\/index.php?rest_route=%2Fwp%2Fv2%2Fcomments&post=17857"}],"version-history":[{"count":1,"href":"https:\/\/875jahrekirchgoens.de\/index.php?rest_route=\/wp\/v2\/posts\/17857\/revisions"}],"predecessor-version":[{"id":17859,"href":"https:\/\/875jahrekirchgoens.de\/index.php?rest_route=\/wp\/v2\/posts\/17857\/revisions\/17859"}],"wp:attachment":[{"href":"https:\/\/875jahrekirchgoens.de\/index.php?rest_route=%2Fwp%2Fv2%2Fmedia&parent=17857"}],"wp:term":[{"taxonomy":"category","embeddable":true,"href":"https:\/\/875jahrekirchgoens.de\/index.php?rest_route=%2Fwp%2Fv2%2Fcategories&post=17857"},{"taxonomy":"post_tag","embeddable":true,"href":"https:\/\/875jahrekirchgoens.de\/index.php?rest_route=%2Fwp%2Fv2%2Ftags&post=17857"}],"curies":[{"name":"wp","href":"https:\/\/api.w.org\/{rel}","templated":true}]}}