{"id":17935,"date":"2003-09-11T10:49:00","date_gmt":"2003-09-11T10:49:00","guid":{"rendered":"https:\/\/875jahrekirchgoens.de\/?p=17935"},"modified":"2025-11-27T10:50:06","modified_gmt":"2025-11-27T10:50:06","slug":"tag-des-offenen-denkmals-im-kirch-goenser-backhaus","status":"publish","type":"post","link":"https:\/\/875jahrekirchgoens.de\/?p=17935","title":{"rendered":"Tag des offenen Denkmals im Kirch-G\u00f6nser Backhaus"},"content":{"rendered":"\n<p>Am Tag des offenen Denkmals k\u00f6nnen viele wichtige gr\u00f6\u00dferer und kleinere Geb\u00e4ude und Liegenschaften besichtigt werden. Einst eine wichtige Funktion hatten in D\u00f6rfern die Gemeindebackh\u00e4user, so das in Kirch-G\u00f6ns, das in diesem Jahr erstmals f\u00fcr interessierte Besucher offensteht. Sicher gibt es viele Mitb\u00fcrger, die noch nie ein noch in Betrieb befindliches Dorfbackhaus von innen gesehen haben. Am kommenden Sonntag, 14. September, besteht hierzu Gelegenheit, kann das Kirch-G\u00f6nser Backhaus in der Zeit von 12.00 bis 18.00 Uhr besichtigt werden. Es finden F\u00fchrungen statt, bei denen die Besucher einiges \u00fcber die Geschichte des Geb\u00e4udes, \u00fcber das fr\u00fcher \u00fcbliche d\u00f6rfliche Backen darin, sowie zu den eingebauten \u00d6fen erz\u00e4hlt bekommen. Das Kirch-G\u00f6nser Backhaus wurde im 17. Jahrhundert gebaut und geh\u00f6rt zu den gr\u00f6\u00dften seiner Art. Aus dem Jahre 1748 ist eine Gemeinde-Backordnung \u00fcberliefert. Bis zum Jahre 1955 wurde das Backhaus st\u00e4ndig genutzt, war das Backen von Kuchen und Brot eine wichtige Einrichtung im d\u00f6rflichen Leben. Danach diente das Backhaus als Lagerraum. In den Jahren 1979 \u2013 1980 wurde das Geb\u00e4ude renoviert und wird seither wieder zum Backen genutzt. Selbstverst\u00e4ndlich hat der ausrichtende Kirch-G\u00f6nser Heimat- und Backhausverein sich f\u00fcr den Tag des offenen Denkmals noch ein Rahmenprogramm einfallen lassen. Im angrenzenden B\u00fcrgerhaus, der ehemaligen Schule, gibt es Kaffee und frischen Riwwel-, Butterlochs- und Gwetschekuchen aus dem Backhaus. Wer es rustikaler mag, f\u00fcr den stehen W\u00fcrstchen und K\u00e4sestangen bereit. Der Musikzug der Freiwilligen Feuerwehr Kirch-G\u00f6ns hat um 15 Uhr einen Auftritt und wird mit seinen Melodien die Besucher erfreuen. Die Kinder- und die Jugendtanzgruppe des Backhausvereins werden mehrere T\u00e4nze in H\u00fcttenberger Tracht zeigen. F\u00fcr die j\u00fcngsten Besucher des Tages des offenen Denkmals werden im Freien Spiele veranstaltet. Da verschiedene Trachtenvereine aus dem H\u00fcttenberger Land angeschrieben worden sind, werden wohl auch Trachtentr\u00e4gerinnen zu sehen sein. Die Frauen des Kirch-G\u00f6nser Heimat- und Backhausvereins werden in H\u00fcttenberger Arbeitstracht an der Veranstaltung teilnehmen. Der Kirch-G\u00f6nser Heimat- und Backhausverein w\u00e4re dankbar, wenn sich Besucher des Tages des offenen Denkmals telefonisch anmelden w\u00fcrden, damit ein \u00dcberblick entsteht, wieviel Kuchen gebacken werden m\u00fcssen. Am kommenden Sonntag finden F\u00fchrungen im Kirch-G\u00f6nser Backhaus statt.<\/p>\n\n\n<div class=\"wp-block-image\">\n<figure class=\"aligncenter size-full\"><img loading=\"lazy\" decoding=\"async\" width=\"512\" height=\"360\" src=\"https:\/\/875jahrekirchgoens.de\/wp-content\/uploads\/2025\/11\/grafik-331.png\" alt=\"\" class=\"wp-image-17936\" srcset=\"https:\/\/875jahrekirchgoens.de\/wp-content\/uploads\/2025\/11\/grafik-331.png 512w, https:\/\/875jahrekirchgoens.de\/wp-content\/uploads\/2025\/11\/grafik-331-300x211.png 300w\" sizes=\"auto, (max-width: 512px) 100vw, 512px\" \/><\/figure><\/div>\n\n\n<p>Quelle und Bild: Butzbacher Zeitung vom 11. September 2003<\/p>\n","protected":false},"excerpt":{"rendered":"<p>Am Tag des offenen Denkmals k\u00f6nnen viele wichtige gr\u00f6\u00dferer und kleinere Geb\u00e4ude und Liegenschaften besichtigt werden. Einst eine wichtige Funktion hatten in D\u00f6rfern die Gemeindebackh\u00e4user, so das in Kirch-G\u00f6ns, das in diesem Jahr erstmals f\u00fcr interessierte Besucher offensteht. Sicher gibt es viele Mitb\u00fcrger, die noch nie ein noch in Betrieb befindliches Dorfbackhaus von innen gesehen &#8230; <a title=\"Tag des offenen Denkmals im Kirch-G\u00f6nser Backhaus\" class=\"read-more\" href=\"https:\/\/875jahrekirchgoens.de\/?p=17935\" aria-label=\"Mehr Informationen \u00fcber Tag des offenen Denkmals im Kirch-G\u00f6nser Backhaus\">Weiterlesen<\/a><\/p>\n","protected":false},"author":1,"featured_media":0,"comment_status":"closed","ping_status":"open","sticky":false,"template":"","format":"standard","meta":{"footnotes":""},"categories":[1],"tags":[],"class_list":["post-17935","post","type-post","status-publish","format-standard","hentry","category-infos"],"_links":{"self":[{"href":"https:\/\/875jahrekirchgoens.de\/index.php?rest_route=\/wp\/v2\/posts\/17935","targetHints":{"allow":["GET"]}}],"collection":[{"href":"https:\/\/875jahrekirchgoens.de\/index.php?rest_route=\/wp\/v2\/posts"}],"about":[{"href":"https:\/\/875jahrekirchgoens.de\/index.php?rest_route=\/wp\/v2\/types\/post"}],"author":[{"embeddable":true,"href":"https:\/\/875jahrekirchgoens.de\/index.php?rest_route=\/wp\/v2\/users\/1"}],"replies":[{"embeddable":true,"href":"https:\/\/875jahrekirchgoens.de\/index.php?rest_route=%2Fwp%2Fv2%2Fcomments&post=17935"}],"version-history":[{"count":1,"href":"https:\/\/875jahrekirchgoens.de\/index.php?rest_route=\/wp\/v2\/posts\/17935\/revisions"}],"predecessor-version":[{"id":17937,"href":"https:\/\/875jahrekirchgoens.de\/index.php?rest_route=\/wp\/v2\/posts\/17935\/revisions\/17937"}],"wp:attachment":[{"href":"https:\/\/875jahrekirchgoens.de\/index.php?rest_route=%2Fwp%2Fv2%2Fmedia&parent=17935"}],"wp:term":[{"taxonomy":"category","embeddable":true,"href":"https:\/\/875jahrekirchgoens.de\/index.php?rest_route=%2Fwp%2Fv2%2Fcategories&post=17935"},{"taxonomy":"post_tag","embeddable":true,"href":"https:\/\/875jahrekirchgoens.de\/index.php?rest_route=%2Fwp%2Fv2%2Ftags&post=17935"}],"curies":[{"name":"wp","href":"https:\/\/api.w.org\/{rel}","templated":true}]}}